{"id":11656,"date":"2025-12-23T23:40:28","date_gmt":"2025-12-23T22:40:28","guid":{"rendered":"https:\/\/bronikowo.pl\/?p=11656"},"modified":"2025-12-23T23:40:30","modified_gmt":"2025-12-23T22:40:30","slug":"sukcesy-naszego-ucznia","status":"publish","type":"post","link":"https:\/\/bronikowo.pl\/index.php\/2025\/12\/23\/sukcesy-naszego-ucznia\/","title":{"rendered":"Sukcesy naszego ucznia"},"content":{"rendered":"\n<figure class=\"wp-block-image size-large\"><img decoding=\"async\" loading=\"lazy\" width=\"853\" height=\"1024\" src=\"https:\/\/bronikowo.pl\/wp-content\/uploads\/2025\/12\/download-853x1024.jpg\" alt=\"\" class=\"wp-image-11657\" srcset=\"https:\/\/bronikowo.pl\/wp-content\/uploads\/2025\/12\/download-853x1024.jpg 853w, https:\/\/bronikowo.pl\/wp-content\/uploads\/2025\/12\/download-250x300.jpg 250w, https:\/\/bronikowo.pl\/wp-content\/uploads\/2025\/12\/download-768x923.jpg 768w, https:\/\/bronikowo.pl\/wp-content\/uploads\/2025\/12\/download-1279x1536.jpg 1279w, https:\/\/bronikowo.pl\/wp-content\/uploads\/2025\/12\/download.jpg 1705w\" sizes=\"(max-width: 853px) 100vw, 853px\" \/><\/figure>\n\n\n\n<p class=\"has-text-align-center\">Ucze\u0144 klasy 8 Tomasz Weryszko bra\u0142 udzia\u0142 w Konkursie J\u0119zyka Niemieckiego organizowanym przez  Kuratorium O\u015bwiaty w Poznaniu. <\/p>\n\n\n\n<p class=\"has-text-align-center\">W etapie szkolnym Tomek uzyska\u0142 bardzo wysokie wyniki, dzi\u0119ki czemu zakwalifikowa\u0142 si\u0119 do etapu rejonowego. <\/p>\n\n\n\n<p class=\"has-text-align-center\">Osi\u0105gni\u0119te rezultaty pozwoli\u0142y mu awansowa\u0107 do etapu wojew\u00f3dzkiego, kt\u00f3ry odb\u0119dzie si\u0119 w styczniu, w Poznaniu. <\/p>\n\n\n\n<p class=\"has-text-align-center\">Gratulujemy Tomkowi sukcesu i \u017cyczymy powodzenia w kolejnym etapie konkursu.<\/p>\n\n\n\n<p class=\"has-text-align-center\">Milena Kucharczak-Skorupka<\/p>\n","protected":false},"excerpt":{"rendered":"<p>Ucze\u0144 klasy 8 Tomasz Weryszko bra\u0142 udzia\u0142 w Konkursie J\u0119zyka Niemieckiego organizowanym przez Kuratorium O\u015bwiaty w Poznaniu. W etapie szkolnym Tomek uzyska\u0142 bardzo wysokie wyniki, dzi\u0119ki czemu zakwalifikowa\u0142 si\u0119 do etapu rejonowego. Osi\u0105gni\u0119te rezultaty pozwoli\u0142y mu awansowa\u0107 do etapu wojew\u00f3dzkiego, kt\u00f3ry odb\u0119dzie si\u0119 w styczniu, w Poznaniu. Gratulujemy Tomkowi sukcesu i \u017cyczymy powodzenia w kolejnym [&hellip;]<\/p>\n","protected":false},"author":5,"featured_media":0,"comment_status":"closed","ping_status":"closed","sticky":false,"template":"","format":"standard","meta":[],"categories":[1],"tags":[],"_links":{"self":[{"href":"https:\/\/bronikowo.pl\/index.php\/wp-json\/wp\/v2\/posts\/11656"}],"collection":[{"href":"https:\/\/bronikowo.pl\/index.php\/wp-json\/wp\/v2\/posts"}],"about":[{"href":"https:\/\/bronikowo.pl\/index.php\/wp-json\/wp\/v2\/types\/post"}],"author":[{"embeddable":true,"href":"https:\/\/bronikowo.pl\/index.php\/wp-json\/wp\/v2\/users\/5"}],"replies":[{"embeddable":true,"href":"https:\/\/bronikowo.pl\/index.php\/wp-json\/wp\/v2\/comments?post=11656"}],"version-history":[{"count":1,"href":"https:\/\/bronikowo.pl\/index.php\/wp-json\/wp\/v2\/posts\/11656\/revisions"}],"predecessor-version":[{"id":11658,"href":"https:\/\/bronikowo.pl\/index.php\/wp-json\/wp\/v2\/posts\/11656\/revisions\/11658"}],"wp:attachment":[{"href":"https:\/\/bronikowo.pl\/index.php\/wp-json\/wp\/v2\/media?parent=11656"}],"wp:term":[{"taxonomy":"category","embeddable":true,"href":"https:\/\/bronikowo.pl\/index.php\/wp-json\/wp\/v2\/categories?post=11656"},{"taxonomy":"post_tag","embeddable":true,"href":"https:\/\/bronikowo.pl\/index.php\/wp-json\/wp\/v2\/tags?post=11656"}],"curies":[{"name":"wp","href":"https:\/\/api.w.org\/{rel}","templated":true}]}}