{"id":11915,"date":"2026-01-29T21:48:47","date_gmt":"2026-01-29T20:48:47","guid":{"rendered":"https:\/\/bronikowo.pl\/?p=11915"},"modified":"2026-01-29T22:50:39","modified_gmt":"2026-01-29T21:50:39","slug":"nasz-uczen-finalista-wojewodzkiego-konkursu-jezyka-niemieckiego","status":"publish","type":"post","link":"https:\/\/bronikowo.pl\/index.php\/2026\/01\/29\/nasz-uczen-finalista-wojewodzkiego-konkursu-jezyka-niemieckiego\/","title":{"rendered":"Nasz ucze\u0144 finalist\u0105 Wojew\u00f3dzkiego Konkursu J\u0119zyka Niemieckiego"},"content":{"rendered":"<div class=\"wp-block-image\">\n<figure class=\"aligncenter size-large is-resized\"><img decoding=\"async\" loading=\"lazy\" src=\"https:\/\/bronikowo.pl\/wp-content\/uploads\/2026\/01\/att.0rN3utQtMqZuUwMJDvlGwkMQAaaKObgXnPPrQO6xT38-768x1024.jpg\" alt=\"\" class=\"wp-image-11916\" width=\"449\" height=\"599\" srcset=\"https:\/\/bronikowo.pl\/wp-content\/uploads\/2026\/01\/att.0rN3utQtMqZuUwMJDvlGwkMQAaaKObgXnPPrQO6xT38-768x1024.jpg 768w, https:\/\/bronikowo.pl\/wp-content\/uploads\/2026\/01\/att.0rN3utQtMqZuUwMJDvlGwkMQAaaKObgXnPPrQO6xT38-225x300.jpg 225w, https:\/\/bronikowo.pl\/wp-content\/uploads\/2026\/01\/att.0rN3utQtMqZuUwMJDvlGwkMQAaaKObgXnPPrQO6xT38-1152x1536.jpg 1152w, https:\/\/bronikowo.pl\/wp-content\/uploads\/2026\/01\/att.0rN3utQtMqZuUwMJDvlGwkMQAaaKObgXnPPrQO6xT38.jpg 1536w\" sizes=\"(max-width: 449px) 100vw, 449px\" \/><\/figure><\/div>\n\n\n<p>Ogromne gratulacje dla Tomka Weryszko ucznia kl.8, kt\u00f3ry uzyska\u0142 tytu\u0142 finalisty Wojew\u00f3dzkiego Konkursu J\u0119zyka Niemieckiego . Konkurs odby\u0142 si\u0119 24.01 w Szkole Podstawowej w Luboniu ko\u0142o Poznania. Wyr\u00f3\u017cnienie Tomka \u015bwiadczy o jego wysokich kompetencjach j\u0119zykowych.<\/p>\n","protected":false},"excerpt":{"rendered":"<p>Ogromne gratulacje dla Tomka Weryszko ucznia kl.8, kt\u00f3ry uzyska\u0142 tytu\u0142 finalisty Wojew\u00f3dzkiego Konkursu J\u0119zyka Niemieckiego . Konkurs odby\u0142 si\u0119 24.01 w Szkole Podstawowej w Luboniu ko\u0142o Poznania. Wyr\u00f3\u017cnienie Tomka \u015bwiadczy o jego wysokich kompetencjach j\u0119zykowych.<\/p>\n","protected":false},"author":2,"featured_media":0,"comment_status":"closed","ping_status":"closed","sticky":false,"template":"","format":"standard","meta":[],"categories":[1],"tags":[],"_links":{"self":[{"href":"https:\/\/bronikowo.pl\/index.php\/wp-json\/wp\/v2\/posts\/11915"}],"collection":[{"href":"https:\/\/bronikowo.pl\/index.php\/wp-json\/wp\/v2\/posts"}],"about":[{"href":"https:\/\/bronikowo.pl\/index.php\/wp-json\/wp\/v2\/types\/post"}],"author":[{"embeddable":true,"href":"https:\/\/bronikowo.pl\/index.php\/wp-json\/wp\/v2\/users\/2"}],"replies":[{"embeddable":true,"href":"https:\/\/bronikowo.pl\/index.php\/wp-json\/wp\/v2\/comments?post=11915"}],"version-history":[{"count":2,"href":"https:\/\/bronikowo.pl\/index.php\/wp-json\/wp\/v2\/posts\/11915\/revisions"}],"predecessor-version":[{"id":11918,"href":"https:\/\/bronikowo.pl\/index.php\/wp-json\/wp\/v2\/posts\/11915\/revisions\/11918"}],"wp:attachment":[{"href":"https:\/\/bronikowo.pl\/index.php\/wp-json\/wp\/v2\/media?parent=11915"}],"wp:term":[{"taxonomy":"category","embeddable":true,"href":"https:\/\/bronikowo.pl\/index.php\/wp-json\/wp\/v2\/categories?post=11915"},{"taxonomy":"post_tag","embeddable":true,"href":"https:\/\/bronikowo.pl\/index.php\/wp-json\/wp\/v2\/tags?post=11915"}],"curies":[{"name":"wp","href":"https:\/\/api.w.org\/{rel}","templated":true}]}}