{"id":11919,"date":"2026-01-30T10:04:07","date_gmt":"2026-01-30T09:04:07","guid":{"rendered":"https:\/\/bronikowo.pl\/?p=11919"},"modified":"2026-01-30T10:04:08","modified_gmt":"2026-01-30T09:04:08","slug":"nasi-uczniowie-na-konkursie-recytatorskim","status":"publish","type":"post","link":"https:\/\/bronikowo.pl\/index.php\/2026\/01\/30\/nasi-uczniowie-na-konkursie-recytatorskim\/","title":{"rendered":"Nasi uczniowie na konkursie recytatorskim"},"content":{"rendered":"\n<figure class=\"wp-block-gallery has-nested-images columns-default is-cropped wp-block-gallery-1 is-layout-flex\">\n<figure class=\"wp-block-image size-large\"><img decoding=\"async\" loading=\"lazy\" width=\"1024\" height=\"768\" data-id=\"11920\"  src=\"https:\/\/bronikowo.pl\/wp-content\/uploads\/2026\/01\/ba9dbfdab227f65989c6f22942b2ccef-1024x768.jpeg\" alt=\"\" class=\"wp-image-11920\" srcset=\"https:\/\/bronikowo.pl\/wp-content\/uploads\/2026\/01\/ba9dbfdab227f65989c6f22942b2ccef-1024x768.jpeg 1024w, https:\/\/bronikowo.pl\/wp-content\/uploads\/2026\/01\/ba9dbfdab227f65989c6f22942b2ccef-300x225.jpeg 300w, https:\/\/bronikowo.pl\/wp-content\/uploads\/2026\/01\/ba9dbfdab227f65989c6f22942b2ccef-768x576.jpeg 768w, https:\/\/bronikowo.pl\/wp-content\/uploads\/2026\/01\/ba9dbfdab227f65989c6f22942b2ccef-1536x1152.jpeg 1536w, https:\/\/bronikowo.pl\/wp-content\/uploads\/2026\/01\/ba9dbfdab227f65989c6f22942b2ccef.jpeg 2048w\" sizes=\"(max-width: 1024px) 100vw, 1024px\" \/><\/figure>\n\n\n\n<figure class=\"wp-block-image size-large\"><img decoding=\"async\" loading=\"lazy\" width=\"1024\" height=\"768\" data-id=\"11922\"  src=\"https:\/\/bronikowo.pl\/wp-content\/uploads\/2026\/01\/6c15d1fef9a5a812347cac63027e49c0-1024x768.jpeg\" alt=\"\" class=\"wp-image-11922\" srcset=\"https:\/\/bronikowo.pl\/wp-content\/uploads\/2026\/01\/6c15d1fef9a5a812347cac63027e49c0-1024x768.jpeg 1024w, https:\/\/bronikowo.pl\/wp-content\/uploads\/2026\/01\/6c15d1fef9a5a812347cac63027e49c0-300x225.jpeg 300w, https:\/\/bronikowo.pl\/wp-content\/uploads\/2026\/01\/6c15d1fef9a5a812347cac63027e49c0-768x576.jpeg 768w, https:\/\/bronikowo.pl\/wp-content\/uploads\/2026\/01\/6c15d1fef9a5a812347cac63027e49c0-1536x1152.jpeg 1536w, https:\/\/bronikowo.pl\/wp-content\/uploads\/2026\/01\/6c15d1fef9a5a812347cac63027e49c0.jpeg 2048w\" sizes=\"(max-width: 1024px) 100vw, 1024px\" \/><\/figure>\n\n\n\n<figure class=\"wp-block-image size-large\"><img decoding=\"async\" loading=\"lazy\" width=\"1024\" height=\"768\" data-id=\"11921\"  src=\"https:\/\/bronikowo.pl\/wp-content\/uploads\/2026\/01\/98ab1be5246887e75c3b6e3e5ee29918-1024x768.jpeg\" alt=\"\" class=\"wp-image-11921\" srcset=\"https:\/\/bronikowo.pl\/wp-content\/uploads\/2026\/01\/98ab1be5246887e75c3b6e3e5ee29918-1024x768.jpeg 1024w, https:\/\/bronikowo.pl\/wp-content\/uploads\/2026\/01\/98ab1be5246887e75c3b6e3e5ee29918-300x225.jpeg 300w, https:\/\/bronikowo.pl\/wp-content\/uploads\/2026\/01\/98ab1be5246887e75c3b6e3e5ee29918-768x576.jpeg 768w, https:\/\/bronikowo.pl\/wp-content\/uploads\/2026\/01\/98ab1be5246887e75c3b6e3e5ee29918-1536x1152.jpeg 1536w, https:\/\/bronikowo.pl\/wp-content\/uploads\/2026\/01\/98ab1be5246887e75c3b6e3e5ee29918.jpeg 2048w\" sizes=\"(max-width: 1024px) 100vw, 1024px\" \/><\/figure>\n<\/figure>\n\n\n\n<p>W czwartek 29 stycznia odby\u0142 si\u0119 w Czaczu II Powiatowy Konkurs Recytatorski. Nasz\u0105 szko\u0142\u0119 reprezentowali: Kinga Stachowiak, Kacper Skroba\u0142a, Dobrochna Markowska i Gabriela Samol.<\/p>\n","protected":false},"excerpt":{"rendered":"<p>W czwartek 29 stycznia odby\u0142 si\u0119 w Czaczu II Powiatowy Konkurs Recytatorski. Nasz\u0105 szko\u0142\u0119 reprezentowali: Kinga Stachowiak, Kacper Skroba\u0142a, Dobrochna Markowska i Gabriela Samol.<\/p>\n","protected":false},"author":2,"featured_media":0,"comment_status":"closed","ping_status":"closed","sticky":false,"template":"","format":"standard","meta":[],"categories":[1],"tags":[],"_links":{"self":[{"href":"https:\/\/bronikowo.pl\/index.php\/wp-json\/wp\/v2\/posts\/11919"}],"collection":[{"href":"https:\/\/bronikowo.pl\/index.php\/wp-json\/wp\/v2\/posts"}],"about":[{"href":"https:\/\/bronikowo.pl\/index.php\/wp-json\/wp\/v2\/types\/post"}],"author":[{"embeddable":true,"href":"https:\/\/bronikowo.pl\/index.php\/wp-json\/wp\/v2\/users\/2"}],"replies":[{"embeddable":true,"href":"https:\/\/bronikowo.pl\/index.php\/wp-json\/wp\/v2\/comments?post=11919"}],"version-history":[{"count":1,"href":"https:\/\/bronikowo.pl\/index.php\/wp-json\/wp\/v2\/posts\/11919\/revisions"}],"predecessor-version":[{"id":11923,"href":"https:\/\/bronikowo.pl\/index.php\/wp-json\/wp\/v2\/posts\/11919\/revisions\/11923"}],"wp:attachment":[{"href":"https:\/\/bronikowo.pl\/index.php\/wp-json\/wp\/v2\/media?parent=11919"}],"wp:term":[{"taxonomy":"category","embeddable":true,"href":"https:\/\/bronikowo.pl\/index.php\/wp-json\/wp\/v2\/categories?post=11919"},{"taxonomy":"post_tag","embeddable":true,"href":"https:\/\/bronikowo.pl\/index.php\/wp-json\/wp\/v2\/tags?post=11919"}],"curies":[{"name":"wp","href":"https:\/\/api.w.org\/{rel}","templated":true}]}}