{"id":12515,"date":"2026-02-10T09:12:41","date_gmt":"2026-02-10T08:12:41","guid":{"rendered":"https:\/\/bronikowo.pl\/?p=12515"},"modified":"2026-02-10T09:12:42","modified_gmt":"2026-02-10T08:12:42","slug":"rekrutacja-na-rok-szkolny-2026-2027","status":"publish","type":"post","link":"https:\/\/bronikowo.pl\/index.php\/2026\/02\/10\/rekrutacja-na-rok-szkolny-2026-2027\/","title":{"rendered":"REKRUTACJA NA ROK SZKOLNY 2026\/2027"},"content":{"rendered":"<div class=\"wp-block-image\">\n<figure class=\"aligncenter size-large is-resized\"><img decoding=\"async\" loading=\"lazy\" src=\"https:\/\/bronikowo.pl\/wp-content\/uploads\/2026\/02\/REKRUTACJA-1-819x1024.png\" alt=\"\" class=\"wp-image-12517\" width=\"437\" height=\"546\" srcset=\"https:\/\/bronikowo.pl\/wp-content\/uploads\/2026\/02\/REKRUTACJA-1-819x1024.png 819w, https:\/\/bronikowo.pl\/wp-content\/uploads\/2026\/02\/REKRUTACJA-1-240x300.png 240w, https:\/\/bronikowo.pl\/wp-content\/uploads\/2026\/02\/REKRUTACJA-1-768x960.png 768w, https:\/\/bronikowo.pl\/wp-content\/uploads\/2026\/02\/REKRUTACJA-1.png 1080w\" sizes=\"(max-width: 437px) 100vw, 437px\" \/><\/figure><\/div>\n\n\n<p><br><br>W zak\u0142adce <a href=\"https:\/\/bronikowo.pl\/index.php\/rekrutacja\/\" data-type=\"URL\" data-id=\"https:\/\/bronikowo.pl\/index.php\/rekrutacja\/\"><strong>REKRUTACJA<\/strong><\/a> znajduj\u0105 si\u0119 informacje dotycz\u0105ce rekrutacji do przedszkola i I klasy szko\u0142y podstawowej w Bronikowie na rok szkolny 2026\/2027. <\/p>\n\n\n\n<p><strong>W dniach od 16 lutego 2026 r. od godziny 8<sup>00<\/sup> do dnia 5 marca 2026 r. do godz. 14<sup>00<\/sup> w Szkole Podstawowej im. por. Stefana Rysmanna w Bronikowie odb\u0119dzie si\u0119 rekrutacja dzieci do oddzia\u0142u przedszkolnego i klasy I na rok szkolny 2026\/2027.<\/strong><\/p>\n\n\n\n<p>Rodzic\u00f3w dzieci 3-letnich, 4- letnich, 5 &#8211; letnich, kt\u00f3re ucz\u0119szczaj\u0105 do oddzia\u0142u przedszkolnego przy Szkole Podstawowej im. por. Stefana Rysmanna w Bronikowie i w nast\u0119pnym roku szkolnym b\u0119d\u0105 kontynuowa\u0107 edukacj\u0119 przedszkoln\u0105 w naszej szkole- prosimy o wype\u0142nienie:<\/p>\n\n\n\n<p>&#8222;Deklaracji o kontynuowaniu wychowania przedszkolnego w oddziale przedszkolnym w Szkole Podstawowej im. por. Stefana Rysmanna w Bronikowie w roku szkolnym 2026\/2027.&#8221;(deklaracje takie otrzymaj\u0105 Pa\u0144stwo od wychowawc\u00f3w) w terminie <strong>od 09 lutego<\/strong> <strong>2026 r. do 16 lutego 2026 r.<\/strong><\/p>\n\n\n\n<p>Rodzice, kt\u00f3rzy po raz pierwszy chc\u0105 zapisa\u0107 dzieci do oddzia\u0142u przedszkolnego w Bronikowie, proszeni s\u0105 o pobranie wniosku o przyj\u0119cie dziecka do oddzia\u0142u przedszkolnego oraz za\u0142\u0105cznik\u00f3w do wniosku w holu szko\u0142y lub ze strony internetowej<strong> www.bronikowo.pl<\/strong><\/p>\n\n\n\n<p><strong>UWAGA!<\/strong><strong><\/strong><\/p>\n\n\n\n<p>Dzieci zamieszka\u0142e w obwodzie naszej szko\u0142y przyjmowane s\u0105 <strong>do klasy I<\/strong> na podstawie&nbsp; <strong>zg\u0142oszenia<\/strong> , kt\u00f3re nale\u017cy z\u0142o\u017cy\u0107 <strong>od 16 lutego 2026 r. do&nbsp; 5 marca 2026r. do godz. 14<sup>00<\/sup><\/strong>.<\/p>\n\n\n\n<p><\/p>\n\n\n\n<p><\/p>\n","protected":false},"excerpt":{"rendered":"<p>W zak\u0142adce REKRUTACJA znajduj\u0105 si\u0119 informacje dotycz\u0105ce rekrutacji do przedszkola i I klasy szko\u0142y podstawowej w Bronikowie na rok szkolny 2026\/2027. W dniach od 16 lutego 2026 r. od godziny 800 do dnia 5 marca 2026 r. do godz. 1400 w Szkole Podstawowej im. por. Stefana Rysmanna w Bronikowie odb\u0119dzie si\u0119 rekrutacja dzieci do oddzia\u0142u [&hellip;]<\/p>\n","protected":false},"author":2,"featured_media":0,"comment_status":"closed","ping_status":"closed","sticky":false,"template":"","format":"standard","meta":[],"categories":[1],"tags":[],"_links":{"self":[{"href":"https:\/\/bronikowo.pl\/index.php\/wp-json\/wp\/v2\/posts\/12515"}],"collection":[{"href":"https:\/\/bronikowo.pl\/index.php\/wp-json\/wp\/v2\/posts"}],"about":[{"href":"https:\/\/bronikowo.pl\/index.php\/wp-json\/wp\/v2\/types\/post"}],"author":[{"embeddable":true,"href":"https:\/\/bronikowo.pl\/index.php\/wp-json\/wp\/v2\/users\/2"}],"replies":[{"embeddable":true,"href":"https:\/\/bronikowo.pl\/index.php\/wp-json\/wp\/v2\/comments?post=12515"}],"version-history":[{"count":2,"href":"https:\/\/bronikowo.pl\/index.php\/wp-json\/wp\/v2\/posts\/12515\/revisions"}],"predecessor-version":[{"id":12518,"href":"https:\/\/bronikowo.pl\/index.php\/wp-json\/wp\/v2\/posts\/12515\/revisions\/12518"}],"wp:attachment":[{"href":"https:\/\/bronikowo.pl\/index.php\/wp-json\/wp\/v2\/media?parent=12515"}],"wp:term":[{"taxonomy":"category","embeddable":true,"href":"https:\/\/bronikowo.pl\/index.php\/wp-json\/wp\/v2\/categories?post=12515"},{"taxonomy":"post_tag","embeddable":true,"href":"https:\/\/bronikowo.pl\/index.php\/wp-json\/wp\/v2\/tags?post=12515"}],"curies":[{"name":"wp","href":"https:\/\/api.w.org\/{rel}","templated":true}]}}