{"id":12522,"date":"2026-02-10T21:32:11","date_gmt":"2026-02-10T20:32:11","guid":{"rendered":"https:\/\/bronikowo.pl\/?p=12522"},"modified":"2026-02-10T21:32:12","modified_gmt":"2026-02-10T20:32:12","slug":"wreczenie-nagrod-za-konkurs-bezpieczne-ferie-z-sierzantem-pyrkiem","status":"publish","type":"post","link":"https:\/\/bronikowo.pl\/index.php\/2026\/02\/10\/wreczenie-nagrod-za-konkurs-bezpieczne-ferie-z-sierzantem-pyrkiem\/","title":{"rendered":"Wr\u0119czenie nagr\u00f3d za konkurs &#8222;Bezpieczne ferie z Sier\u017cantem Pyrkiem&#8221;"},"content":{"rendered":"\n<p class=\"has-text-align-center\">Uczniowie klas I\u2013III wzi\u0119li udzia\u0142 w konkursie promuj\u0105cym zasady bezpiecznego wypoczynku podczas ferii zimowych. <\/p>\n\n\n\n<p class=\"has-text-align-center\">Za zaanga\u017cowanie, kreatywno\u015b\u0107 i wiedz\u0119 na temat bezpiecze\u0144stwa dzieci otrzyma\u0142y pami\u0105tkowe dyplomy oraz nagrody. <\/p>\n\n\n\n<p class=\"has-text-align-center\">Gratulujemy wszystkim uczestnikom i dzi\u0119kujemy za wsp\u00f3ln\u0105 lekcj\u0119 bezpiecze\u0144stwa!<\/p>\n\n\n\n<figure class=\"wp-block-gallery has-nested-images columns-default is-cropped wp-block-gallery-1 is-layout-flex\">\n<figure class=\"wp-block-image size-large\"><img decoding=\"async\" loading=\"lazy\" width=\"1024\" height=\"768\" data-id=\"12523\"  src=\"https:\/\/bronikowo.pl\/wp-content\/uploads\/2026\/02\/d9824ec2-5821-4586-84ec-2cce3303c8b1-1024x768.jpg\" alt=\"\" class=\"wp-image-12523\" srcset=\"https:\/\/bronikowo.pl\/wp-content\/uploads\/2026\/02\/d9824ec2-5821-4586-84ec-2cce3303c8b1-1024x768.jpg 1024w, https:\/\/bronikowo.pl\/wp-content\/uploads\/2026\/02\/d9824ec2-5821-4586-84ec-2cce3303c8b1-300x225.jpg 300w, https:\/\/bronikowo.pl\/wp-content\/uploads\/2026\/02\/d9824ec2-5821-4586-84ec-2cce3303c8b1-768x576.jpg 768w, https:\/\/bronikowo.pl\/wp-content\/uploads\/2026\/02\/d9824ec2-5821-4586-84ec-2cce3303c8b1-1536x1152.jpg 1536w, https:\/\/bronikowo.pl\/wp-content\/uploads\/2026\/02\/d9824ec2-5821-4586-84ec-2cce3303c8b1.jpg 2048w\" sizes=\"(max-width: 1024px) 100vw, 1024px\" \/><\/figure>\n\n\n\n<figure class=\"wp-block-image size-large\"><img decoding=\"async\" loading=\"lazy\" width=\"768\" height=\"1024\" data-id=\"12524\"  src=\"https:\/\/bronikowo.pl\/wp-content\/uploads\/2026\/02\/45cf84d0-54bb-45bd-9e0b-e33bb6492fb6-768x1024.jpg\" alt=\"\" class=\"wp-image-12524\" srcset=\"https:\/\/bronikowo.pl\/wp-content\/uploads\/2026\/02\/45cf84d0-54bb-45bd-9e0b-e33bb6492fb6-768x1024.jpg 768w, https:\/\/bronikowo.pl\/wp-content\/uploads\/2026\/02\/45cf84d0-54bb-45bd-9e0b-e33bb6492fb6-225x300.jpg 225w, https:\/\/bronikowo.pl\/wp-content\/uploads\/2026\/02\/45cf84d0-54bb-45bd-9e0b-e33bb6492fb6-1152x1536.jpg 1152w, https:\/\/bronikowo.pl\/wp-content\/uploads\/2026\/02\/45cf84d0-54bb-45bd-9e0b-e33bb6492fb6.jpg 1536w\" sizes=\"(max-width: 768px) 100vw, 768px\" \/><\/figure>\n\n\n\n<figure class=\"wp-block-image size-large\"><img decoding=\"async\" loading=\"lazy\" width=\"1024\" height=\"768\" data-id=\"12525\"  src=\"https:\/\/bronikowo.pl\/wp-content\/uploads\/2026\/02\/58e0e725-ed76-4589-bf64-c15c43693ba1-1024x768.jpg\" alt=\"\" class=\"wp-image-12525\" srcset=\"https:\/\/bronikowo.pl\/wp-content\/uploads\/2026\/02\/58e0e725-ed76-4589-bf64-c15c43693ba1-1024x768.jpg 1024w, https:\/\/bronikowo.pl\/wp-content\/uploads\/2026\/02\/58e0e725-ed76-4589-bf64-c15c43693ba1-300x225.jpg 300w, https:\/\/bronikowo.pl\/wp-content\/uploads\/2026\/02\/58e0e725-ed76-4589-bf64-c15c43693ba1-768x576.jpg 768w, https:\/\/bronikowo.pl\/wp-content\/uploads\/2026\/02\/58e0e725-ed76-4589-bf64-c15c43693ba1-1536x1152.jpg 1536w, https:\/\/bronikowo.pl\/wp-content\/uploads\/2026\/02\/58e0e725-ed76-4589-bf64-c15c43693ba1.jpg 2048w\" sizes=\"(max-width: 1024px) 100vw, 1024px\" \/><\/figure>\n<\/figure>\n","protected":false},"excerpt":{"rendered":"<p>Uczniowie klas I\u2013III wzi\u0119li udzia\u0142 w konkursie promuj\u0105cym zasady bezpiecznego wypoczynku podczas ferii zimowych. Za zaanga\u017cowanie, kreatywno\u015b\u0107 i wiedz\u0119 na temat bezpiecze\u0144stwa dzieci otrzyma\u0142y pami\u0105tkowe dyplomy oraz nagrody. Gratulujemy wszystkim uczestnikom i dzi\u0119kujemy za wsp\u00f3ln\u0105 lekcj\u0119 bezpiecze\u0144stwa!<\/p>\n","protected":false},"author":5,"featured_media":0,"comment_status":"closed","ping_status":"closed","sticky":false,"template":"","format":"standard","meta":[],"categories":[1],"tags":[],"_links":{"self":[{"href":"https:\/\/bronikowo.pl\/index.php\/wp-json\/wp\/v2\/posts\/12522"}],"collection":[{"href":"https:\/\/bronikowo.pl\/index.php\/wp-json\/wp\/v2\/posts"}],"about":[{"href":"https:\/\/bronikowo.pl\/index.php\/wp-json\/wp\/v2\/types\/post"}],"author":[{"embeddable":true,"href":"https:\/\/bronikowo.pl\/index.php\/wp-json\/wp\/v2\/users\/5"}],"replies":[{"embeddable":true,"href":"https:\/\/bronikowo.pl\/index.php\/wp-json\/wp\/v2\/comments?post=12522"}],"version-history":[{"count":1,"href":"https:\/\/bronikowo.pl\/index.php\/wp-json\/wp\/v2\/posts\/12522\/revisions"}],"predecessor-version":[{"id":12526,"href":"https:\/\/bronikowo.pl\/index.php\/wp-json\/wp\/v2\/posts\/12522\/revisions\/12526"}],"wp:attachment":[{"href":"https:\/\/bronikowo.pl\/index.php\/wp-json\/wp\/v2\/media?parent=12522"}],"wp:term":[{"taxonomy":"category","embeddable":true,"href":"https:\/\/bronikowo.pl\/index.php\/wp-json\/wp\/v2\/categories?post=12522"},{"taxonomy":"post_tag","embeddable":true,"href":"https:\/\/bronikowo.pl\/index.php\/wp-json\/wp\/v2\/tags?post=12522"}],"curies":[{"name":"wp","href":"https:\/\/api.w.org\/{rel}","templated":true}]}}