{"id":13082,"date":"2026-03-14T14:40:52","date_gmt":"2026-03-14T13:40:52","guid":{"rendered":"https:\/\/bronikowo.pl\/?p=13082"},"modified":"2026-03-14T14:46:52","modified_gmt":"2026-03-14T13:46:52","slug":"informacja-3","status":"publish","type":"post","link":"https:\/\/bronikowo.pl\/index.php\/2026\/03\/14\/informacja-3\/","title":{"rendered":"INFORMACJA"},"content":{"rendered":"\n<p><strong>Listy kandydat\u00f3w zakwalifikowanych w post\u0119powaniu rekrutacyjnym &nbsp;do przedszkola<\/strong><strong><\/strong><\/p>\n\n\n\n<p class=\"has-text-align-center\"><strong>&nbsp;i klasy I Szko\u0142y Podstawowej im. por. Stefana Rysmanna w Bronikowie znajduj\u0105 si\u0119 na gazetce w holu szko\u0142y.<\/strong><strong><\/strong><\/p>\n\n\n\n<p><strong>Bronikowo, 13.03.2026r.<\/strong><strong><\/strong><\/p>\n\n\n\n<figure class=\"wp-block-image size-large\"><img decoding=\"async\" loading=\"lazy\" width=\"725\" height=\"1024\" src=\"https:\/\/bronikowo.pl\/wp-content\/uploads\/2026\/03\/Zalacznik_-_potwierdzenie_woli-725x1024.jpg\" alt=\"\" class=\"wp-image-13084\" srcset=\"https:\/\/bronikowo.pl\/wp-content\/uploads\/2026\/03\/Zalacznik_-_potwierdzenie_woli-725x1024.jpg 725w, https:\/\/bronikowo.pl\/wp-content\/uploads\/2026\/03\/Zalacznik_-_potwierdzenie_woli-212x300.jpg 212w, https:\/\/bronikowo.pl\/wp-content\/uploads\/2026\/03\/Zalacznik_-_potwierdzenie_woli-768x1085.jpg 768w, https:\/\/bronikowo.pl\/wp-content\/uploads\/2026\/03\/Zalacznik_-_potwierdzenie_woli-1087x1536.jpg 1087w, https:\/\/bronikowo.pl\/wp-content\/uploads\/2026\/03\/Zalacznik_-_potwierdzenie_woli-1450x2048.jpg 1450w, https:\/\/bronikowo.pl\/wp-content\/uploads\/2026\/03\/Zalacznik_-_potwierdzenie_woli-scaled.jpg 1812w\" sizes=\"(max-width: 725px) 100vw, 725px\" \/><\/figure>\n","protected":false},"excerpt":{"rendered":"<p>Listy kandydat\u00f3w zakwalifikowanych w post\u0119powaniu rekrutacyjnym &nbsp;do przedszkola &nbsp;i klasy I Szko\u0142y Podstawowej im. por. Stefana Rysmanna w Bronikowie znajduj\u0105 si\u0119 na gazetce w holu szko\u0142y. Bronikowo, 13.03.2026r.<\/p>\n","protected":false},"author":5,"featured_media":0,"comment_status":"closed","ping_status":"closed","sticky":false,"template":"","format":"standard","meta":[],"categories":[1],"tags":[],"_links":{"self":[{"href":"https:\/\/bronikowo.pl\/index.php\/wp-json\/wp\/v2\/posts\/13082"}],"collection":[{"href":"https:\/\/bronikowo.pl\/index.php\/wp-json\/wp\/v2\/posts"}],"about":[{"href":"https:\/\/bronikowo.pl\/index.php\/wp-json\/wp\/v2\/types\/post"}],"author":[{"embeddable":true,"href":"https:\/\/bronikowo.pl\/index.php\/wp-json\/wp\/v2\/users\/5"}],"replies":[{"embeddable":true,"href":"https:\/\/bronikowo.pl\/index.php\/wp-json\/wp\/v2\/comments?post=13082"}],"version-history":[{"count":2,"href":"https:\/\/bronikowo.pl\/index.php\/wp-json\/wp\/v2\/posts\/13082\/revisions"}],"predecessor-version":[{"id":13086,"href":"https:\/\/bronikowo.pl\/index.php\/wp-json\/wp\/v2\/posts\/13082\/revisions\/13086"}],"wp:attachment":[{"href":"https:\/\/bronikowo.pl\/index.php\/wp-json\/wp\/v2\/media?parent=13082"}],"wp:term":[{"taxonomy":"category","embeddable":true,"href":"https:\/\/bronikowo.pl\/index.php\/wp-json\/wp\/v2\/categories?post=13082"},{"taxonomy":"post_tag","embeddable":true,"href":"https:\/\/bronikowo.pl\/index.php\/wp-json\/wp\/v2\/tags?post=13082"}],"curies":[{"name":"wp","href":"https:\/\/api.w.org\/{rel}","templated":true}]}}