{"id":13109,"date":"2026-03-19T19:44:34","date_gmt":"2026-03-19T18:44:34","guid":{"rendered":"https:\/\/bronikowo.pl\/?p=13109"},"modified":"2026-03-19T19:44:35","modified_gmt":"2026-03-19T18:44:35","slug":"powiatowy-konkurs-recytatorski-wierszem-maluje-swiat","status":"publish","type":"post","link":"https:\/\/bronikowo.pl\/index.php\/2026\/03\/19\/powiatowy-konkurs-recytatorski-wierszem-maluje-swiat\/","title":{"rendered":"Powiatowy Konkurs Recytatorski \u201eWierszem maluj\u0119 \u015bwiat\u201d"},"content":{"rendered":"\n<figure class=\"wp-block-image size-large\"><img decoding=\"async\" loading=\"lazy\" width=\"1024\" height=\"768\" src=\"https:\/\/bronikowo.pl\/wp-content\/uploads\/2026\/03\/8d8b4220-435f-4ff5-8f99-c5f7fb8466d7-1024x768.jpg\" alt=\"\" class=\"wp-image-13110\" srcset=\"https:\/\/bronikowo.pl\/wp-content\/uploads\/2026\/03\/8d8b4220-435f-4ff5-8f99-c5f7fb8466d7-1024x768.jpg 1024w, https:\/\/bronikowo.pl\/wp-content\/uploads\/2026\/03\/8d8b4220-435f-4ff5-8f99-c5f7fb8466d7-300x225.jpg 300w, https:\/\/bronikowo.pl\/wp-content\/uploads\/2026\/03\/8d8b4220-435f-4ff5-8f99-c5f7fb8466d7-768x576.jpg 768w, https:\/\/bronikowo.pl\/wp-content\/uploads\/2026\/03\/8d8b4220-435f-4ff5-8f99-c5f7fb8466d7-1536x1152.jpg 1536w, https:\/\/bronikowo.pl\/wp-content\/uploads\/2026\/03\/8d8b4220-435f-4ff5-8f99-c5f7fb8466d7.jpg 2048w\" sizes=\"(max-width: 1024px) 100vw, 1024px\" \/><\/figure>\n\n\n\n<p class=\"has-text-align-center\">18 marca 2026 roku w Szkole Podstawowej nr 3 w Ko\u015bcianie odby\u0142 si\u0119 Powiatowy Konkurs Recytatorski pod has\u0142em \u201eWierszem maluj\u0119 \u015bwiat\u201d. <\/p>\n\n\n\n<p class=\"has-text-align-center\">Nasz\u0105 szko\u0142\u0119 dumnie reprezentowali uczniowie klasy II: Zuzanna Dudkowiak oraz Leon Szczepaniak. <\/p>\n\n\n\n<p class=\"has-text-align-center\">Nasi uczniowie zaprezentowali wysoki poziom umiej\u0119tno\u015bci artystycznych i wra\u017cliwo\u015b\u0107 na pi\u0119kno s\u0142owa. Za swoje wyst\u0119py oraz trud w\u0142o\u017cony w przygotowanie recytacji, Zuzanna i Leon otrzymali pami\u0105tkowe dyplomy oraz upominki. <\/p>\n\n\n\n<p class=\"has-text-align-center\">Serdecznie gratulujemy naszym m\u0142odym artystom i \u017cyczymy dalszych sukces\u00f3w na scenie! <\/p>\n\n\n\n<p class=\"has-text-align-center\">Wychowawca klasy II<\/p>\n\n\n\n<figure class=\"wp-block-gallery has-nested-images columns-default is-cropped wp-block-gallery-1 is-layout-flex\">\n<figure class=\"wp-block-image size-large\"><img decoding=\"async\" loading=\"lazy\" width=\"768\" height=\"1024\" data-id=\"13111\"  src=\"https:\/\/bronikowo.pl\/wp-content\/uploads\/2026\/03\/62a3a665-94f2-4f7b-b2e0-275f464c6f63-768x1024.jpg\" alt=\"\" class=\"wp-image-13111\" srcset=\"https:\/\/bronikowo.pl\/wp-content\/uploads\/2026\/03\/62a3a665-94f2-4f7b-b2e0-275f464c6f63-768x1024.jpg 768w, https:\/\/bronikowo.pl\/wp-content\/uploads\/2026\/03\/62a3a665-94f2-4f7b-b2e0-275f464c6f63-225x300.jpg 225w, https:\/\/bronikowo.pl\/wp-content\/uploads\/2026\/03\/62a3a665-94f2-4f7b-b2e0-275f464c6f63-1152x1536.jpg 1152w, https:\/\/bronikowo.pl\/wp-content\/uploads\/2026\/03\/62a3a665-94f2-4f7b-b2e0-275f464c6f63.jpg 1536w\" sizes=\"(max-width: 768px) 100vw, 768px\" \/><\/figure>\n\n\n\n<figure class=\"wp-block-image size-large\"><img decoding=\"async\" loading=\"lazy\" width=\"768\" height=\"1024\" data-id=\"13113\"  src=\"https:\/\/bronikowo.pl\/wp-content\/uploads\/2026\/03\/396d3a17-f4c8-47b5-89df-d2890447dc35-768x1024.jpg\" alt=\"\" class=\"wp-image-13113\" srcset=\"https:\/\/bronikowo.pl\/wp-content\/uploads\/2026\/03\/396d3a17-f4c8-47b5-89df-d2890447dc35-768x1024.jpg 768w, https:\/\/bronikowo.pl\/wp-content\/uploads\/2026\/03\/396d3a17-f4c8-47b5-89df-d2890447dc35-225x300.jpg 225w, https:\/\/bronikowo.pl\/wp-content\/uploads\/2026\/03\/396d3a17-f4c8-47b5-89df-d2890447dc35-1152x1536.jpg 1152w, https:\/\/bronikowo.pl\/wp-content\/uploads\/2026\/03\/396d3a17-f4c8-47b5-89df-d2890447dc35.jpg 1536w\" sizes=\"(max-width: 768px) 100vw, 768px\" \/><\/figure>\n\n\n\n<figure class=\"wp-block-image size-large\"><img decoding=\"async\" loading=\"lazy\" width=\"768\" height=\"1024\" data-id=\"13112\"  src=\"https:\/\/bronikowo.pl\/wp-content\/uploads\/2026\/03\/48343b61-5991-4294-b6b6-c3b30918ac5c-768x1024.jpg\" alt=\"\" class=\"wp-image-13112\" srcset=\"https:\/\/bronikowo.pl\/wp-content\/uploads\/2026\/03\/48343b61-5991-4294-b6b6-c3b30918ac5c-768x1024.jpg 768w, https:\/\/bronikowo.pl\/wp-content\/uploads\/2026\/03\/48343b61-5991-4294-b6b6-c3b30918ac5c-225x300.jpg 225w, https:\/\/bronikowo.pl\/wp-content\/uploads\/2026\/03\/48343b61-5991-4294-b6b6-c3b30918ac5c-1152x1536.jpg 1152w, https:\/\/bronikowo.pl\/wp-content\/uploads\/2026\/03\/48343b61-5991-4294-b6b6-c3b30918ac5c.jpg 1536w\" sizes=\"(max-width: 768px) 100vw, 768px\" \/><\/figure>\n\n\n\n<figure class=\"wp-block-image size-large\"><img decoding=\"async\" loading=\"lazy\" width=\"768\" height=\"1024\" data-id=\"13115\"  src=\"https:\/\/bronikowo.pl\/wp-content\/uploads\/2026\/03\/1282052d-10fc-4fe7-9332-d142693af7ef-768x1024.jpg\" alt=\"\" class=\"wp-image-13115\" srcset=\"https:\/\/bronikowo.pl\/wp-content\/uploads\/2026\/03\/1282052d-10fc-4fe7-9332-d142693af7ef-768x1024.jpg 768w, https:\/\/bronikowo.pl\/wp-content\/uploads\/2026\/03\/1282052d-10fc-4fe7-9332-d142693af7ef-225x300.jpg 225w, https:\/\/bronikowo.pl\/wp-content\/uploads\/2026\/03\/1282052d-10fc-4fe7-9332-d142693af7ef-1152x1536.jpg 1152w, https:\/\/bronikowo.pl\/wp-content\/uploads\/2026\/03\/1282052d-10fc-4fe7-9332-d142693af7ef.jpg 1536w\" sizes=\"(max-width: 768px) 100vw, 768px\" \/><\/figure>\n\n\n\n<figure class=\"wp-block-image size-large\"><img decoding=\"async\" loading=\"lazy\" width=\"768\" height=\"1024\" data-id=\"13116\"  src=\"https:\/\/bronikowo.pl\/wp-content\/uploads\/2026\/03\/a8d072d1-cba5-4c36-b1fc-fcca1d1f775a-768x1024.jpg\" alt=\"\" class=\"wp-image-13116\" srcset=\"https:\/\/bronikowo.pl\/wp-content\/uploads\/2026\/03\/a8d072d1-cba5-4c36-b1fc-fcca1d1f775a-768x1024.jpg 768w, https:\/\/bronikowo.pl\/wp-content\/uploads\/2026\/03\/a8d072d1-cba5-4c36-b1fc-fcca1d1f775a-225x300.jpg 225w, https:\/\/bronikowo.pl\/wp-content\/uploads\/2026\/03\/a8d072d1-cba5-4c36-b1fc-fcca1d1f775a-1152x1536.jpg 1152w, https:\/\/bronikowo.pl\/wp-content\/uploads\/2026\/03\/a8d072d1-cba5-4c36-b1fc-fcca1d1f775a.jpg 1536w\" sizes=\"(max-width: 768px) 100vw, 768px\" \/><\/figure>\n\n\n\n<figure class=\"wp-block-image size-large\"><img decoding=\"async\" loading=\"lazy\" width=\"1024\" height=\"768\" data-id=\"13117\"  src=\"https:\/\/bronikowo.pl\/wp-content\/uploads\/2026\/03\/bfc37d21-7e98-4e47-846f-918a7d42b1c3-1024x768.jpg\" alt=\"\" class=\"wp-image-13117\" srcset=\"https:\/\/bronikowo.pl\/wp-content\/uploads\/2026\/03\/bfc37d21-7e98-4e47-846f-918a7d42b1c3-1024x768.jpg 1024w, https:\/\/bronikowo.pl\/wp-content\/uploads\/2026\/03\/bfc37d21-7e98-4e47-846f-918a7d42b1c3-300x225.jpg 300w, https:\/\/bronikowo.pl\/wp-content\/uploads\/2026\/03\/bfc37d21-7e98-4e47-846f-918a7d42b1c3-768x576.jpg 768w, https:\/\/bronikowo.pl\/wp-content\/uploads\/2026\/03\/bfc37d21-7e98-4e47-846f-918a7d42b1c3-1536x1152.jpg 1536w, https:\/\/bronikowo.pl\/wp-content\/uploads\/2026\/03\/bfc37d21-7e98-4e47-846f-918a7d42b1c3.jpg 2048w\" sizes=\"(max-width: 1024px) 100vw, 1024px\" \/><\/figure>\n\n\n\n<figure class=\"wp-block-image size-large\"><img decoding=\"async\" loading=\"lazy\" width=\"768\" height=\"1024\" data-id=\"13114\"  src=\"https:\/\/bronikowo.pl\/wp-content\/uploads\/2026\/03\/f464a78d-21e7-415e-beee-1c24d1821d61-768x1024.jpg\" alt=\"\" class=\"wp-image-13114\" srcset=\"https:\/\/bronikowo.pl\/wp-content\/uploads\/2026\/03\/f464a78d-21e7-415e-beee-1c24d1821d61-768x1024.jpg 768w, https:\/\/bronikowo.pl\/wp-content\/uploads\/2026\/03\/f464a78d-21e7-415e-beee-1c24d1821d61-225x300.jpg 225w, https:\/\/bronikowo.pl\/wp-content\/uploads\/2026\/03\/f464a78d-21e7-415e-beee-1c24d1821d61-1152x1536.jpg 1152w, https:\/\/bronikowo.pl\/wp-content\/uploads\/2026\/03\/f464a78d-21e7-415e-beee-1c24d1821d61.jpg 1536w\" sizes=\"(max-width: 768px) 100vw, 768px\" \/><\/figure>\n<\/figure>\n","protected":false},"excerpt":{"rendered":"<p>18 marca 2026 roku w Szkole Podstawowej nr 3 w Ko\u015bcianie odby\u0142 si\u0119 Powiatowy Konkurs Recytatorski pod has\u0142em \u201eWierszem maluj\u0119 \u015bwiat\u201d. Nasz\u0105 szko\u0142\u0119 dumnie reprezentowali uczniowie klasy II: Zuzanna Dudkowiak oraz Leon Szczepaniak. Nasi uczniowie zaprezentowali wysoki poziom umiej\u0119tno\u015bci artystycznych i wra\u017cliwo\u015b\u0107 na pi\u0119kno s\u0142owa. Za swoje wyst\u0119py oraz trud w\u0142o\u017cony w przygotowanie recytacji, Zuzanna [&hellip;]<\/p>\n","protected":false},"author":5,"featured_media":0,"comment_status":"closed","ping_status":"closed","sticky":false,"template":"","format":"standard","meta":[],"categories":[1],"tags":[],"_links":{"self":[{"href":"https:\/\/bronikowo.pl\/index.php\/wp-json\/wp\/v2\/posts\/13109"}],"collection":[{"href":"https:\/\/bronikowo.pl\/index.php\/wp-json\/wp\/v2\/posts"}],"about":[{"href":"https:\/\/bronikowo.pl\/index.php\/wp-json\/wp\/v2\/types\/post"}],"author":[{"embeddable":true,"href":"https:\/\/bronikowo.pl\/index.php\/wp-json\/wp\/v2\/users\/5"}],"replies":[{"embeddable":true,"href":"https:\/\/bronikowo.pl\/index.php\/wp-json\/wp\/v2\/comments?post=13109"}],"version-history":[{"count":1,"href":"https:\/\/bronikowo.pl\/index.php\/wp-json\/wp\/v2\/posts\/13109\/revisions"}],"predecessor-version":[{"id":13118,"href":"https:\/\/bronikowo.pl\/index.php\/wp-json\/wp\/v2\/posts\/13109\/revisions\/13118"}],"wp:attachment":[{"href":"https:\/\/bronikowo.pl\/index.php\/wp-json\/wp\/v2\/media?parent=13109"}],"wp:term":[{"taxonomy":"category","embeddable":true,"href":"https:\/\/bronikowo.pl\/index.php\/wp-json\/wp\/v2\/categories?post=13109"},{"taxonomy":"post_tag","embeddable":true,"href":"https:\/\/bronikowo.pl\/index.php\/wp-json\/wp\/v2\/tags?post=13109"}],"curies":[{"name":"wp","href":"https:\/\/api.w.org\/{rel}","templated":true}]}}