{"id":1319,"date":"2023-12-07T20:56:54","date_gmt":"2023-12-07T19:56:54","guid":{"rendered":"https:\/\/bronikowo.pl\/?p=1319"},"modified":"2023-12-07T20:56:56","modified_gmt":"2023-12-07T19:56:56","slug":"obchody-swieta-niepodleglosci-w-smiglu","status":"publish","type":"post","link":"https:\/\/bronikowo.pl\/index.php\/2023\/12\/07\/obchody-swieta-niepodleglosci-w-smiglu\/","title":{"rendered":"Obchody \u015awi\u0119ta Niepodleg\u0142o\u015bci w \u015amiglu"},"content":{"rendered":"<div class=\"wp-block-image\">\n<figure class=\"aligncenter size-full is-resized\"><img decoding=\"async\" loading=\"lazy\" src=\"https:\/\/bronikowo.pl\/wp-content\/uploads\/2023\/12\/20231111_104836-1.jpg\" alt=\"\" class=\"wp-image-1327\" width=\"458\" height=\"258\" srcset=\"https:\/\/bronikowo.pl\/wp-content\/uploads\/2023\/12\/20231111_104836-1.jpg 800w, https:\/\/bronikowo.pl\/wp-content\/uploads\/2023\/12\/20231111_104836-1-300x169.jpg 300w, https:\/\/bronikowo.pl\/wp-content\/uploads\/2023\/12\/20231111_104836-1-768x433.jpg 768w\" sizes=\"(max-width: 458px) 100vw, 458px\" \/><\/figure><\/div>\n\n\n<p>W ramach obchod\u00f3w \u015awi\u0119ta Niepodleg\u0142o\u015bci poczet sztandarowy naszej szko\u0142y uda\u0142 si\u0119 na uroczysto\u015bci do \u015amigla. Obchody rozpocz\u0119\u0142y si\u0119 apelem pami\u0119ci pod obeliskiem Zbigniewa \u0141ukomskiego a nast\u0119pnie poch\u00f3d przemaszerowa\u0142 ulicami \u015amigla do ko\u015bcio\u0142a farnego gdzie odby\u0142a si\u0119 uroczysta msza \u015bw. za ojczyzn\u0119.<\/p>\n\n\n\n<p>Wojciech Wieczorek<\/p>\n\n\n\n<figure class=\"wp-block-gallery has-nested-images columns-default is-cropped wp-block-gallery-1 is-layout-flex\">\n<figure class=\"wp-block-image size-large\"><img decoding=\"async\" loading=\"lazy\" width=\"800\" height=\"451\" data-id=\"1320\"  src=\"https:\/\/bronikowo.pl\/wp-content\/uploads\/2023\/12\/20231111_105809.jpg\" alt=\"\" class=\"wp-image-1320\" srcset=\"https:\/\/bronikowo.pl\/wp-content\/uploads\/2023\/12\/20231111_105809.jpg 800w, https:\/\/bronikowo.pl\/wp-content\/uploads\/2023\/12\/20231111_105809-300x169.jpg 300w, https:\/\/bronikowo.pl\/wp-content\/uploads\/2023\/12\/20231111_105809-768x433.jpg 768w\" sizes=\"(max-width: 800px) 100vw, 800px\" \/><\/figure>\n\n\n\n<figure class=\"wp-block-image size-large\"><img decoding=\"async\" loading=\"lazy\" width=\"800\" height=\"451\" data-id=\"1321\"  src=\"https:\/\/bronikowo.pl\/wp-content\/uploads\/2023\/12\/20231111_105759.jpg\" alt=\"\" class=\"wp-image-1321\" srcset=\"https:\/\/bronikowo.pl\/wp-content\/uploads\/2023\/12\/20231111_105759.jpg 800w, https:\/\/bronikowo.pl\/wp-content\/uploads\/2023\/12\/20231111_105759-300x169.jpg 300w, https:\/\/bronikowo.pl\/wp-content\/uploads\/2023\/12\/20231111_105759-768x433.jpg 768w\" sizes=\"(max-width: 800px) 100vw, 800px\" \/><\/figure>\n\n\n\n<figure class=\"wp-block-image size-large\"><img decoding=\"async\" loading=\"lazy\" width=\"800\" height=\"451\" data-id=\"1324\"  src=\"https:\/\/bronikowo.pl\/wp-content\/uploads\/2023\/12\/20231111_105801.jpg\" alt=\"\" class=\"wp-image-1324\" srcset=\"https:\/\/bronikowo.pl\/wp-content\/uploads\/2023\/12\/20231111_105801.jpg 800w, https:\/\/bronikowo.pl\/wp-content\/uploads\/2023\/12\/20231111_105801-300x169.jpg 300w, https:\/\/bronikowo.pl\/wp-content\/uploads\/2023\/12\/20231111_105801-768x433.jpg 768w\" sizes=\"(max-width: 800px) 100vw, 800px\" \/><\/figure>\n\n\n\n<figure class=\"wp-block-image size-large\"><img decoding=\"async\" loading=\"lazy\" width=\"800\" height=\"451\" data-id=\"1323\"  src=\"https:\/\/bronikowo.pl\/wp-content\/uploads\/2023\/12\/20231111_105740.jpg\" alt=\"\" class=\"wp-image-1323\" srcset=\"https:\/\/bronikowo.pl\/wp-content\/uploads\/2023\/12\/20231111_105740.jpg 800w, https:\/\/bronikowo.pl\/wp-content\/uploads\/2023\/12\/20231111_105740-300x169.jpg 300w, https:\/\/bronikowo.pl\/wp-content\/uploads\/2023\/12\/20231111_105740-768x433.jpg 768w\" sizes=\"(max-width: 800px) 100vw, 800px\" \/><\/figure>\n\n\n\n<figure class=\"wp-block-image size-large\"><img decoding=\"async\" loading=\"lazy\" width=\"800\" height=\"451\" data-id=\"1325\"  src=\"https:\/\/bronikowo.pl\/wp-content\/uploads\/2023\/12\/20231111_105813.jpg\" alt=\"\" class=\"wp-image-1325\" srcset=\"https:\/\/bronikowo.pl\/wp-content\/uploads\/2023\/12\/20231111_105813.jpg 800w, https:\/\/bronikowo.pl\/wp-content\/uploads\/2023\/12\/20231111_105813-300x169.jpg 300w, https:\/\/bronikowo.pl\/wp-content\/uploads\/2023\/12\/20231111_105813-768x433.jpg 768w\" sizes=\"(max-width: 800px) 100vw, 800px\" \/><\/figure>\n\n\n\n<figure class=\"wp-block-image size-large\"><img decoding=\"async\" loading=\"lazy\" width=\"800\" height=\"451\" data-id=\"1322\"  src=\"https:\/\/bronikowo.pl\/wp-content\/uploads\/2023\/12\/20231111_105745.jpg\" alt=\"\" class=\"wp-image-1322\" srcset=\"https:\/\/bronikowo.pl\/wp-content\/uploads\/2023\/12\/20231111_105745.jpg 800w, https:\/\/bronikowo.pl\/wp-content\/uploads\/2023\/12\/20231111_105745-300x169.jpg 300w, https:\/\/bronikowo.pl\/wp-content\/uploads\/2023\/12\/20231111_105745-768x433.jpg 768w\" sizes=\"(max-width: 800px) 100vw, 800px\" \/><\/figure>\n<\/figure>\n","protected":false},"excerpt":{"rendered":"<p>W ramach obchod\u00f3w \u015awi\u0119ta Niepodleg\u0142o\u015bci poczet sztandarowy naszej szko\u0142y uda\u0142 si\u0119 na uroczysto\u015bci do \u015amigla. Obchody rozpocz\u0119\u0142y si\u0119 apelem pami\u0119ci pod obeliskiem Zbigniewa \u0141ukomskiego a nast\u0119pnie poch\u00f3d przemaszerowa\u0142 ulicami \u015amigla do ko\u015bcio\u0142a farnego gdzie odby\u0142a si\u0119 uroczysta msza \u015bw. za ojczyzn\u0119. Wojciech Wieczorek<\/p>\n","protected":false},"author":2,"featured_media":0,"comment_status":"closed","ping_status":"closed","sticky":false,"template":"","format":"standard","meta":[],"categories":[1],"tags":[],"_links":{"self":[{"href":"https:\/\/bronikowo.pl\/index.php\/wp-json\/wp\/v2\/posts\/1319"}],"collection":[{"href":"https:\/\/bronikowo.pl\/index.php\/wp-json\/wp\/v2\/posts"}],"about":[{"href":"https:\/\/bronikowo.pl\/index.php\/wp-json\/wp\/v2\/types\/post"}],"author":[{"embeddable":true,"href":"https:\/\/bronikowo.pl\/index.php\/wp-json\/wp\/v2\/users\/2"}],"replies":[{"embeddable":true,"href":"https:\/\/bronikowo.pl\/index.php\/wp-json\/wp\/v2\/comments?post=1319"}],"version-history":[{"count":1,"href":"https:\/\/bronikowo.pl\/index.php\/wp-json\/wp\/v2\/posts\/1319\/revisions"}],"predecessor-version":[{"id":1328,"href":"https:\/\/bronikowo.pl\/index.php\/wp-json\/wp\/v2\/posts\/1319\/revisions\/1328"}],"wp:attachment":[{"href":"https:\/\/bronikowo.pl\/index.php\/wp-json\/wp\/v2\/media?parent=1319"}],"wp:term":[{"taxonomy":"category","embeddable":true,"href":"https:\/\/bronikowo.pl\/index.php\/wp-json\/wp\/v2\/categories?post=1319"},{"taxonomy":"post_tag","embeddable":true,"href":"https:\/\/bronikowo.pl\/index.php\/wp-json\/wp\/v2\/tags?post=1319"}],"curies":[{"name":"wp","href":"https:\/\/api.w.org\/{rel}","templated":true}]}}