{"id":1598,"date":"2024-01-29T07:17:50","date_gmt":"2024-01-29T06:17:50","guid":{"rendered":"https:\/\/bronikowo.pl\/?p=1598"},"modified":"2024-01-29T07:17:51","modified_gmt":"2024-01-29T06:17:51","slug":"ziemia-smigielska-w-czasie-powstania-wielkopolskiego","status":"publish","type":"post","link":"https:\/\/bronikowo.pl\/index.php\/2024\/01\/29\/ziemia-smigielska-w-czasie-powstania-wielkopolskiego\/","title":{"rendered":"Ziemia \u015amigielska w czasie Powstania Wielkopolskiego"},"content":{"rendered":"<div class=\"wp-block-image\">\n<figure class=\"aligncenter size-full is-resized\"><img decoding=\"async\" loading=\"lazy\" src=\"https:\/\/bronikowo.pl\/wp-content\/uploads\/2024\/01\/20240124_112549.jpg\" alt=\"\" class=\"wp-image-1600\" width=\"577\" height=\"325\" srcset=\"https:\/\/bronikowo.pl\/wp-content\/uploads\/2024\/01\/20240124_112549.jpg 800w, https:\/\/bronikowo.pl\/wp-content\/uploads\/2024\/01\/20240124_112549-300x169.jpg 300w, https:\/\/bronikowo.pl\/wp-content\/uploads\/2024\/01\/20240124_112549-768x433.jpg 768w\" sizes=\"(max-width: 577px) 100vw, 577px\" \/><\/figure><\/div>\n\n\n<p class=\"has-text-align-left\">W \u015brod\u0119 24 stycznia odby\u0142 si\u0119 w Starym Bojanowie gminny konkurs historyczny &#8222;Ziemia \u015amigielska w czasie Powstania Wielkopolskiego&#8221;. Nasz\u0105 szko\u0142\u0119 reprezentowali uczniowie Adam Michalewicz i Igor Stankowiak z klasy VII. Nasi uczniowie zaj\u0119li miejsca\u00a0 w \u015brodku stawki uczestnik\u00f3w. Dzi\u0119kujemy za reprezentowanie naszej szko\u0142y i \u017cyczymy dalszych sukces\u00f3w.<\/p>\n\n\n\n<p class=\"has-text-align-right\">Wojciech Wieczorek<\/p>\n\n\n<div class=\"wp-block-image\">\n<figure class=\"aligncenter size-full\"><img decoding=\"async\" loading=\"lazy\" width=\"800\" height=\"451\" src=\"https:\/\/bronikowo.pl\/wp-content\/uploads\/2024\/01\/20240124_112445-1.jpg\" alt=\"\" class=\"wp-image-1601\" srcset=\"https:\/\/bronikowo.pl\/wp-content\/uploads\/2024\/01\/20240124_112445-1.jpg 800w, https:\/\/bronikowo.pl\/wp-content\/uploads\/2024\/01\/20240124_112445-1-300x169.jpg 300w, https:\/\/bronikowo.pl\/wp-content\/uploads\/2024\/01\/20240124_112445-1-768x433.jpg 768w\" sizes=\"(max-width: 800px) 100vw, 800px\" \/><\/figure><\/div>","protected":false},"excerpt":{"rendered":"<p>W \u015brod\u0119 24 stycznia odby\u0142 si\u0119 w Starym Bojanowie gminny konkurs historyczny &#8222;Ziemia \u015amigielska w czasie Powstania Wielkopolskiego&#8221;. Nasz\u0105 szko\u0142\u0119 reprezentowali uczniowie Adam Michalewicz i Igor Stankowiak z klasy VII. Nasi uczniowie zaj\u0119li miejsca\u00a0 w \u015brodku stawki uczestnik\u00f3w. Dzi\u0119kujemy za reprezentowanie naszej szko\u0142y i \u017cyczymy dalszych sukces\u00f3w. Wojciech Wieczorek<\/p>\n","protected":false},"author":2,"featured_media":0,"comment_status":"closed","ping_status":"closed","sticky":false,"template":"","format":"standard","meta":[],"categories":[1],"tags":[],"_links":{"self":[{"href":"https:\/\/bronikowo.pl\/index.php\/wp-json\/wp\/v2\/posts\/1598"}],"collection":[{"href":"https:\/\/bronikowo.pl\/index.php\/wp-json\/wp\/v2\/posts"}],"about":[{"href":"https:\/\/bronikowo.pl\/index.php\/wp-json\/wp\/v2\/types\/post"}],"author":[{"embeddable":true,"href":"https:\/\/bronikowo.pl\/index.php\/wp-json\/wp\/v2\/users\/2"}],"replies":[{"embeddable":true,"href":"https:\/\/bronikowo.pl\/index.php\/wp-json\/wp\/v2\/comments?post=1598"}],"version-history":[{"count":1,"href":"https:\/\/bronikowo.pl\/index.php\/wp-json\/wp\/v2\/posts\/1598\/revisions"}],"predecessor-version":[{"id":1602,"href":"https:\/\/bronikowo.pl\/index.php\/wp-json\/wp\/v2\/posts\/1598\/revisions\/1602"}],"wp:attachment":[{"href":"https:\/\/bronikowo.pl\/index.php\/wp-json\/wp\/v2\/media?parent=1598"}],"wp:term":[{"taxonomy":"category","embeddable":true,"href":"https:\/\/bronikowo.pl\/index.php\/wp-json\/wp\/v2\/categories?post=1598"},{"taxonomy":"post_tag","embeddable":true,"href":"https:\/\/bronikowo.pl\/index.php\/wp-json\/wp\/v2\/tags?post=1598"}],"curies":[{"name":"wp","href":"https:\/\/api.w.org\/{rel}","templated":true}]}}