{"id":1798,"date":"2024-03-02T20:40:59","date_gmt":"2024-03-02T19:40:59","guid":{"rendered":"https:\/\/bronikowo.pl\/?p=1798"},"modified":"2024-03-02T20:41:00","modified_gmt":"2024-03-02T19:41:00","slug":"akcja-charytatywna-leszczynski-koszyczek-ze-swieconka","status":"publish","type":"post","link":"https:\/\/bronikowo.pl\/index.php\/2024\/03\/02\/akcja-charytatywna-leszczynski-koszyczek-ze-swieconka\/","title":{"rendered":"Akcja charytatywna\u00a0\u201eLeszczy\u0144ski koszyczek ze \u015bwi\u0119conk\u0105\u201d"},"content":{"rendered":"<div class=\"wp-block-image\">\n<figure class=\"aligncenter size-large is-resized\"><img decoding=\"async\" loading=\"lazy\" src=\"https:\/\/bronikowo.pl\/wp-content\/uploads\/2024\/03\/IMG_9347-768x1024.jpg\" alt=\"\" class=\"wp-image-1799\" width=\"394\" height=\"525\" srcset=\"https:\/\/bronikowo.pl\/wp-content\/uploads\/2024\/03\/IMG_9347-768x1024.jpg 768w, https:\/\/bronikowo.pl\/wp-content\/uploads\/2024\/03\/IMG_9347-225x300.jpg 225w, https:\/\/bronikowo.pl\/wp-content\/uploads\/2024\/03\/IMG_9347.jpg 810w\" sizes=\"(max-width: 394px) 100vw, 394px\" \/><\/figure><\/div>\n\n\n<p>Nasza szko\u0142a po raz pierwszy przy\u0142\u0105czy\u0142a si\u0119 do akcji charytatywnej, kt\u00f3rej organizatorem jest Stowarzyszenie Leszczy\u0144ski Bank \u017bywno\u015bci we\u00a0wsp\u00f3\u0142pracy z Bumerangiem Leszczy\u0144skim.<\/p>\n\n\n\n<p><strong>Nasza szko\u0142a zosta\u0142a wytypowana do zebrania mas\u0142a.<\/strong><\/p>\n\n\n\n<p><strong>Z zebranego mas\u0142a zostan\u0105 wykonane baranki wielkanocne, kt\u00f3re w koszyczkach wielkanocnych trafi\u0105 przed \u015awi\u0119tami Wielkanocnymi do os\u00f3b najbardziej potrzebuj\u0105cych.<\/strong><\/p>\n\n\n\n<p>Akcja w naszej szkole zostanie przeprowadzona w dniach:<\/p>\n\n\n\n<p class=\"has-text-align-center\"><strong>05-08.03.2024r.<\/strong><\/p>\n\n\n\n<p>Mas\u0142o mo\u017cna przynosi\u0107 w tych dniach do gabinetu pedagoga szkolnego\u00a0p. Karoliny Fr\u0105k.<\/p>\n\n\n\n<p class=\"has-text-align-right\">Liczymy na du\u017ce zainteresowanie akcj\u0105\u00a0\ud83d\ude09\u00a0<\/p>\n\n\n\n<p class=\"has-text-align-right\">Karolina Fr\u0105k wraz z wolontariuszami<\/p>\n","protected":false},"excerpt":{"rendered":"<p>Nasza szko\u0142a po raz pierwszy przy\u0142\u0105czy\u0142a si\u0119 do akcji charytatywnej, kt\u00f3rej organizatorem jest Stowarzyszenie Leszczy\u0144ski Bank \u017bywno\u015bci we\u00a0wsp\u00f3\u0142pracy z Bumerangiem Leszczy\u0144skim. Nasza szko\u0142a zosta\u0142a wytypowana do zebrania mas\u0142a. Z zebranego mas\u0142a zostan\u0105 wykonane baranki wielkanocne, kt\u00f3re w koszyczkach wielkanocnych trafi\u0105 przed \u015awi\u0119tami Wielkanocnymi do os\u00f3b najbardziej potrzebuj\u0105cych. Akcja w naszej szkole zostanie przeprowadzona w dniach: [&hellip;]<\/p>\n","protected":false},"author":2,"featured_media":0,"comment_status":"closed","ping_status":"closed","sticky":false,"template":"","format":"standard","meta":[],"categories":[1],"tags":[],"_links":{"self":[{"href":"https:\/\/bronikowo.pl\/index.php\/wp-json\/wp\/v2\/posts\/1798"}],"collection":[{"href":"https:\/\/bronikowo.pl\/index.php\/wp-json\/wp\/v2\/posts"}],"about":[{"href":"https:\/\/bronikowo.pl\/index.php\/wp-json\/wp\/v2\/types\/post"}],"author":[{"embeddable":true,"href":"https:\/\/bronikowo.pl\/index.php\/wp-json\/wp\/v2\/users\/2"}],"replies":[{"embeddable":true,"href":"https:\/\/bronikowo.pl\/index.php\/wp-json\/wp\/v2\/comments?post=1798"}],"version-history":[{"count":1,"href":"https:\/\/bronikowo.pl\/index.php\/wp-json\/wp\/v2\/posts\/1798\/revisions"}],"predecessor-version":[{"id":1800,"href":"https:\/\/bronikowo.pl\/index.php\/wp-json\/wp\/v2\/posts\/1798\/revisions\/1800"}],"wp:attachment":[{"href":"https:\/\/bronikowo.pl\/index.php\/wp-json\/wp\/v2\/media?parent=1798"}],"wp:term":[{"taxonomy":"category","embeddable":true,"href":"https:\/\/bronikowo.pl\/index.php\/wp-json\/wp\/v2\/categories?post=1798"},{"taxonomy":"post_tag","embeddable":true,"href":"https:\/\/bronikowo.pl\/index.php\/wp-json\/wp\/v2\/tags?post=1798"}],"curies":[{"name":"wp","href":"https:\/\/api.w.org\/{rel}","templated":true}]}}