{"id":1830,"date":"2024-03-18T20:35:47","date_gmt":"2024-03-18T19:35:47","guid":{"rendered":"https:\/\/bronikowo.pl\/?p=1830"},"modified":"2024-03-18T20:35:48","modified_gmt":"2024-03-18T19:35:48","slug":"akcja-charytatywna-leszczynski-koszyczek-ze-swieconka-podsumowanie","status":"publish","type":"post","link":"https:\/\/bronikowo.pl\/index.php\/2024\/03\/18\/akcja-charytatywna-leszczynski-koszyczek-ze-swieconka-podsumowanie\/","title":{"rendered":"Akcja charytatywna \u201eLeszczy\u0144ski koszyczek ze \u015bwi\u0119conk\u0105\u201d &#8211; podsumowanie"},"content":{"rendered":"<div class=\"wp-block-image\">\n<figure class=\"aligncenter size-large is-resized\"><img decoding=\"async\" loading=\"lazy\" src=\"https:\/\/bronikowo.pl\/wp-content\/uploads\/2024\/03\/WhatsApp-Image-2024-03-15-at-09.41.22-708x1024.jpeg\" alt=\"\" class=\"wp-image-1831\" width=\"261\" height=\"377\" srcset=\"https:\/\/bronikowo.pl\/wp-content\/uploads\/2024\/03\/WhatsApp-Image-2024-03-15-at-09.41.22-708x1024.jpeg 708w, https:\/\/bronikowo.pl\/wp-content\/uploads\/2024\/03\/WhatsApp-Image-2024-03-15-at-09.41.22-207x300.jpeg 207w, https:\/\/bronikowo.pl\/wp-content\/uploads\/2024\/03\/WhatsApp-Image-2024-03-15-at-09.41.22-768x1111.jpeg 768w, https:\/\/bronikowo.pl\/wp-content\/uploads\/2024\/03\/WhatsApp-Image-2024-03-15-at-09.41.22-1062x1536.jpeg 1062w, https:\/\/bronikowo.pl\/wp-content\/uploads\/2024\/03\/WhatsApp-Image-2024-03-15-at-09.41.22.jpeg 1106w\" sizes=\"(max-width: 261px) 100vw, 261px\" \/><\/figure><\/div>\n\n\n<p>Nasza szko\u0142a po raz pierwszy przy\u0142\u0105czy\u0142a si\u0119 do akcji charytatywnej, kt\u00f3rej organizatorem jest Stowarzyszenie Leszczy\u0144ski Bank \u017bywno\u015bci we wsp\u00f3\u0142pracy ze Stowarzyszeniem Bumerang Leszczy\u0144ski.<\/p>\n\n\n\n<p>Nasza szko\u0142a zosta\u0142a wytypowana do zebrania mas\u0142a.<br><\/p>\n\n\n\n<p>Podczas akcji, kt\u00f3ra odby\u0142a si\u0119 w naszej szkole w dniach 05-08.03.2024r. zebrano 130 kostek mas\u0142a.<br>Z zebranego mas\u0142a zostan\u0105 wykonane baranki wielkanocne, kt\u00f3re w koszyczkach wielkanocnych trafi\u0105 przed \u015awi\u0119tami Wielkanocnymi do os\u00f3b najbardziej potrzebuj\u0105cych.<\/p>\n\n\n\n<p>Serdecznie dzi\u0119kujemy wszystkim uczniom, rodzicom, nauczycielom oraz pracownikom szko\u0142y za tak liczne przy\u0142\u0105czenie si\u0119 do akcji.<\/p>\n\n\n\n<p class=\"has-text-align-right\">Karolina Fr\u0105k z wolontariuszami<\/p>\n\n\n\n<figure class=\"wp-block-gallery has-nested-images columns-default is-cropped wp-block-gallery-1 is-layout-flex\">\n<figure class=\"wp-block-image size-large\"><img decoding=\"async\" loading=\"lazy\" width=\"768\" height=\"1024\" data-id=\"1832\"  src=\"https:\/\/bronikowo.pl\/wp-content\/uploads\/2024\/03\/WhatsApp-Image-2024-03-15-at-09.41.23-2-768x1024.jpeg\" alt=\"\" class=\"wp-image-1832\" srcset=\"https:\/\/bronikowo.pl\/wp-content\/uploads\/2024\/03\/WhatsApp-Image-2024-03-15-at-09.41.23-2-768x1024.jpeg 768w, https:\/\/bronikowo.pl\/wp-content\/uploads\/2024\/03\/WhatsApp-Image-2024-03-15-at-09.41.23-2-225x300.jpeg 225w, https:\/\/bronikowo.pl\/wp-content\/uploads\/2024\/03\/WhatsApp-Image-2024-03-15-at-09.41.23-2-1152x1536.jpeg 1152w, https:\/\/bronikowo.pl\/wp-content\/uploads\/2024\/03\/WhatsApp-Image-2024-03-15-at-09.41.23-2.jpeg 1200w\" sizes=\"(max-width: 768px) 100vw, 768px\" \/><\/figure>\n\n\n\n<figure class=\"wp-block-image size-large\"><img decoding=\"async\" loading=\"lazy\" width=\"768\" height=\"1024\" data-id=\"1834\"  src=\"https:\/\/bronikowo.pl\/wp-content\/uploads\/2024\/03\/WhatsApp-Image-2024-03-15-at-09.41.23-1-768x1024.jpeg\" alt=\"\" class=\"wp-image-1834\" srcset=\"https:\/\/bronikowo.pl\/wp-content\/uploads\/2024\/03\/WhatsApp-Image-2024-03-15-at-09.41.23-1-768x1024.jpeg 768w, https:\/\/bronikowo.pl\/wp-content\/uploads\/2024\/03\/WhatsApp-Image-2024-03-15-at-09.41.23-1-225x300.jpeg 225w, https:\/\/bronikowo.pl\/wp-content\/uploads\/2024\/03\/WhatsApp-Image-2024-03-15-at-09.41.23-1-1152x1536.jpeg 1152w, https:\/\/bronikowo.pl\/wp-content\/uploads\/2024\/03\/WhatsApp-Image-2024-03-15-at-09.41.23-1.jpeg 1200w\" sizes=\"(max-width: 768px) 100vw, 768px\" \/><\/figure>\n\n\n\n<figure class=\"wp-block-image size-large\"><img decoding=\"async\" loading=\"lazy\" width=\"768\" height=\"1024\" data-id=\"1833\"  src=\"https:\/\/bronikowo.pl\/wp-content\/uploads\/2024\/03\/WhatsApp-Image-2024-03-15-at-09.41.23-768x1024.jpeg\" alt=\"\" class=\"wp-image-1833\" srcset=\"https:\/\/bronikowo.pl\/wp-content\/uploads\/2024\/03\/WhatsApp-Image-2024-03-15-at-09.41.23-768x1024.jpeg 768w, https:\/\/bronikowo.pl\/wp-content\/uploads\/2024\/03\/WhatsApp-Image-2024-03-15-at-09.41.23-225x300.jpeg 225w, https:\/\/bronikowo.pl\/wp-content\/uploads\/2024\/03\/WhatsApp-Image-2024-03-15-at-09.41.23-1152x1536.jpeg 1152w, https:\/\/bronikowo.pl\/wp-content\/uploads\/2024\/03\/WhatsApp-Image-2024-03-15-at-09.41.23.jpeg 1200w\" sizes=\"(max-width: 768px) 100vw, 768px\" \/><\/figure>\n<\/figure>\n","protected":false},"excerpt":{"rendered":"<p>Nasza szko\u0142a po raz pierwszy przy\u0142\u0105czy\u0142a si\u0119 do akcji charytatywnej, kt\u00f3rej organizatorem jest Stowarzyszenie Leszczy\u0144ski Bank \u017bywno\u015bci we wsp\u00f3\u0142pracy ze Stowarzyszeniem Bumerang Leszczy\u0144ski. Nasza szko\u0142a zosta\u0142a wytypowana do zebrania mas\u0142a. Podczas akcji, kt\u00f3ra odby\u0142a si\u0119 w naszej szkole w dniach 05-08.03.2024r. zebrano 130 kostek mas\u0142a.Z zebranego mas\u0142a zostan\u0105 wykonane baranki wielkanocne, kt\u00f3re w koszyczkach wielkanocnych [&hellip;]<\/p>\n","protected":false},"author":2,"featured_media":0,"comment_status":"closed","ping_status":"closed","sticky":false,"template":"","format":"standard","meta":[],"categories":[1],"tags":[],"_links":{"self":[{"href":"https:\/\/bronikowo.pl\/index.php\/wp-json\/wp\/v2\/posts\/1830"}],"collection":[{"href":"https:\/\/bronikowo.pl\/index.php\/wp-json\/wp\/v2\/posts"}],"about":[{"href":"https:\/\/bronikowo.pl\/index.php\/wp-json\/wp\/v2\/types\/post"}],"author":[{"embeddable":true,"href":"https:\/\/bronikowo.pl\/index.php\/wp-json\/wp\/v2\/users\/2"}],"replies":[{"embeddable":true,"href":"https:\/\/bronikowo.pl\/index.php\/wp-json\/wp\/v2\/comments?post=1830"}],"version-history":[{"count":1,"href":"https:\/\/bronikowo.pl\/index.php\/wp-json\/wp\/v2\/posts\/1830\/revisions"}],"predecessor-version":[{"id":1835,"href":"https:\/\/bronikowo.pl\/index.php\/wp-json\/wp\/v2\/posts\/1830\/revisions\/1835"}],"wp:attachment":[{"href":"https:\/\/bronikowo.pl\/index.php\/wp-json\/wp\/v2\/media?parent=1830"}],"wp:term":[{"taxonomy":"category","embeddable":true,"href":"https:\/\/bronikowo.pl\/index.php\/wp-json\/wp\/v2\/categories?post=1830"},{"taxonomy":"post_tag","embeddable":true,"href":"https:\/\/bronikowo.pl\/index.php\/wp-json\/wp\/v2\/tags?post=1830"}],"curies":[{"name":"wp","href":"https:\/\/api.w.org\/{rel}","templated":true}]}}