{"id":2958,"date":"2024-08-30T15:52:49","date_gmt":"2024-08-30T13:52:49","guid":{"rendered":"https:\/\/bronikowo.pl\/?p=2958"},"modified":"2024-08-30T15:52:50","modified_gmt":"2024-08-30T13:52:50","slug":"wazne-informacje-dla-rodzicow-nauczycieli-pracownikow-szkoly-oraz-mieszkancow-w-zwiazku-z-uroczystosciami-rozpoczecia-roku-szkolnego-i-otwarcia-nowego-obiektu-szkolno-przedszkolnego","status":"publish","type":"post","link":"https:\/\/bronikowo.pl\/index.php\/2024\/08\/30\/wazne-informacje-dla-rodzicow-nauczycieli-pracownikow-szkoly-oraz-mieszkancow-w-zwiazku-z-uroczystosciami-rozpoczecia-roku-szkolnego-i-otwarcia-nowego-obiektu-szkolno-przedszkolnego\/","title":{"rendered":"WA\u017bNE INFORMACJE DLA RODZIC\u00d3W, NAUCZYCIELI, PRACOWNIK\u00d3W SZKO\u0141Y ORAZ MIESZKA\u0143C\u00d3W\u00a0 W ZWI\u0104ZKU Z UROCZYSTO\u015aCIAMI ROZPOCZ\u0118CIA ROKU SZKOLNEGO I OTWARCIA NOWEGO OBIEKTU SZKOLNO \u2013 PRZEDSZKOLNEGO W BRONIKOWIE"},"content":{"rendered":"\n<ol>\n<li><strong>PLAN UROCZYSTO\u015aCI 02.09.2024<\/strong><\/li>\n<\/ol>\n\n\n\n<p>10<sup>00<\/sup> \u2013 msza \u015bwi\u0119ta w ko\u015bciele w Bronikowie<\/p>\n\n\n\n<p>11<sup>00<\/sup> \u2013 pocz\u0105tek uroczysto\u015bci przed szko\u0142\u0105 w Bronikowie:<\/p>\n\n\n\n<ul>\n<li>wprowadzenie sztandaru<\/li>\n\n\n\n<li>hymn narodowy<\/li>\n\n\n\n<li>powitanie zaproszonych go\u015bci<\/li>\n\n\n\n<li>przem\u00f3wienie dyrektora szko\u0142y<\/li>\n\n\n\n<li>z\u0142o\u017cenie kwiat\u00f3w i zniczy przed pomnikiem Patrona szko\u0142y<\/li>\n\n\n\n<li>przem\u00f3wienie pani burmistrz<\/li>\n\n\n\n<li>s\u0142owo ze strony go\u015bci<\/li>\n\n\n\n<li>otwarcie nowego obiektu \u2013 przeci\u0119cie wst\u0119gi<\/li>\n\n\n\n<li>po\u015bwi\u0119cenie nowego obiektu przez ksi\u0119dza proboszcza<\/li>\n\n\n\n<li>cz\u0119\u015b\u0107 artystyczna<\/li>\n\n\n\n<li>hymn szko\u0142y<\/li>\n\n\n\n<li>wyprowadzenie sztandaru<\/li>\n\n\n\n<li>przej\u015bcie uczni\u00f3w i dzieci przedszkolnych do wyznaczonych klas z wychowawcami<\/li>\n<\/ul>\n\n\n\n<p>(grupa \u201eKrasnoludki\u201d do nowego obiektu, grupa \u201eMotylki\u201d do swojej sali przez nowe wej\u015bcie, klasa .I, II i III do swoich sal, kl. IV \u2013 biblioteka, klasa V \u2013 \u015bwietlica na parterze, kl. VI \u2013 sala nr 1, kl. VII \u2013 sala nr 8, kl. VIII \u2013 sala nr 7<\/p>\n\n\n\n<ul>\n<li>odw\u00f3z dzieci szkolnych autobusem&nbsp; (ok. 12<sup>45<\/sup>)<\/li>\n\n\n\n<li>po wyprowadzeniu sztandaru zapraszamy go\u015bci oraz nauczycieli i pracownik\u00f3w szko\u0142y na pocz\u0119stunek do nowego obiektu na pi\u0119tro (wychowawcy dotr\u0105 po odje\u017adzie uczni\u00f3w do&nbsp; domu&nbsp;<\/li>\n<\/ul>\n\n\n\n<ol start=\"2\">\n<li><strong>WA\u017bNE INFORMACJE DLA RODZIC\u00d3W I NAUCZYCIELI<\/strong><\/li>\n<\/ol>\n\n\n\n<ul>\n<li>w dniu rozpocz\u0119cia roku szkolnego prosz\u0119 nauczycieli, pracownik\u00f3w szko\u0142y, rodzic\u00f3w oraz mieszka\u0144c\u00f3w i w miar\u0119 mo\u017cliwo\u015bci go\u015bci o parkowanie samochod\u00f3w w okolicach Sali wiejskiej lub za sklepem. Na terenie parku wyznaczonych b\u0119dzie tylko kilka miejsc parkingowych dla go\u015bci.<\/li>\n\n\n\n<li>wszyscy uczniowie przychodz\u0105 ubrani na galowo<\/li>\n\n\n\n<li>poranny dow\u00f3z autobusem szkolnym: 9-00 \u2013 Machcin, 9<sup>15<\/sup> \u2013 Pod\u015bmigiel, 9<sup>25<\/sup> \u2013 Morownica, 9<sup>30<\/sup> \u2013 Nowe Szczepankowo, 9<sup>32<\/sup> \u2013 Stare Szczepankowo<\/li>\n<\/ul>\n\n\n\n<p>Powr\u00f3t oko\u0142o godziny 12<sup>45<\/sup><\/p>\n\n\n\n<ul>\n<li>plan lekcji wraz z godzinami odjazdu szkolnego autobusu i innymi informacjami uczniowie otrzymaj\u0105 od wychowawc\u00f3w klas 2 wrze\u015bnia<\/li>\n\n\n\n<li>w pierwszych dw\u00f3ch tygodniach nie b\u0119dzie jeszcze obowi\u0105zywa\u0142 system rejestracji wej\u015b\u0107 do przedszkola, a wychowawca b\u0119dzie mia\u0142 obowi\u0105zek rejestracji obecno\u015bci dziecka.&nbsp; W najbli\u017cszym czasie zostanie zorganizowane zebranie z rodzicami dzieci przedszkolnych na kt\u00f3rym wyja\u015bnimy wszelkie w\u0105tpliwo\u015bci przeszkolimy w korzystaniu z systemu rejestracji obecno\u015bci i posi\u0142k\u00f3w<\/li>\n\n\n\n<li>obiady w szkole uruchomimy po otrzymaniu zam\u00f3wionego w przetargu wyposa\u017cenia kuchni i sto\u0142\u00f3wki. B\u0119dziemy o tym informowali na bie\u017c\u0105co.<\/li>\n\n\n\n<li>w sprawie funkcjonowania edziennika wydam oddzielny komunikat 03.09.2024 r.&nbsp;<\/li>\n<\/ul>\n\n\n\n<p class=\"has-text-align-right\"><strong><em>Pozdrawiam! Piotr Filipowicz, dyrektor szko\u0142y<\/em><\/strong><\/p>\n","protected":false},"excerpt":{"rendered":"<p>1000 \u2013 msza \u015bwi\u0119ta w ko\u015bciele w Bronikowie 1100 \u2013 pocz\u0105tek uroczysto\u015bci przed szko\u0142\u0105 w Bronikowie: (grupa \u201eKrasnoludki\u201d do nowego obiektu, grupa \u201eMotylki\u201d do swojej sali przez nowe wej\u015bcie, klasa .I, II i III do swoich sal, kl. IV \u2013 biblioteka, klasa V \u2013 \u015bwietlica na parterze, kl. VI \u2013 sala nr 1, kl. VII [&hellip;]<\/p>\n","protected":false},"author":2,"featured_media":0,"comment_status":"closed","ping_status":"closed","sticky":false,"template":"","format":"standard","meta":[],"categories":[1],"tags":[],"_links":{"self":[{"href":"https:\/\/bronikowo.pl\/index.php\/wp-json\/wp\/v2\/posts\/2958"}],"collection":[{"href":"https:\/\/bronikowo.pl\/index.php\/wp-json\/wp\/v2\/posts"}],"about":[{"href":"https:\/\/bronikowo.pl\/index.php\/wp-json\/wp\/v2\/types\/post"}],"author":[{"embeddable":true,"href":"https:\/\/bronikowo.pl\/index.php\/wp-json\/wp\/v2\/users\/2"}],"replies":[{"embeddable":true,"href":"https:\/\/bronikowo.pl\/index.php\/wp-json\/wp\/v2\/comments?post=2958"}],"version-history":[{"count":1,"href":"https:\/\/bronikowo.pl\/index.php\/wp-json\/wp\/v2\/posts\/2958\/revisions"}],"predecessor-version":[{"id":2959,"href":"https:\/\/bronikowo.pl\/index.php\/wp-json\/wp\/v2\/posts\/2958\/revisions\/2959"}],"wp:attachment":[{"href":"https:\/\/bronikowo.pl\/index.php\/wp-json\/wp\/v2\/media?parent=2958"}],"wp:term":[{"taxonomy":"category","embeddable":true,"href":"https:\/\/bronikowo.pl\/index.php\/wp-json\/wp\/v2\/categories?post=2958"},{"taxonomy":"post_tag","embeddable":true,"href":"https:\/\/bronikowo.pl\/index.php\/wp-json\/wp\/v2\/tags?post=2958"}],"curies":[{"name":"wp","href":"https:\/\/api.w.org\/{rel}","templated":true}]}}