{"id":5591,"date":"2025-02-13T13:59:27","date_gmt":"2025-02-13T12:59:27","guid":{"rendered":"https:\/\/bronikowo.pl\/?p=5591"},"modified":"2025-02-13T13:59:28","modified_gmt":"2025-02-13T12:59:28","slug":"zachecamy-do-zapisywania-dzieci-do-naszego-przedszkola-i-klasy-pierwszej-szczegoly-rekrutacji-w-jednej-z-ponizszych-informacji","status":"publish","type":"post","link":"https:\/\/bronikowo.pl\/index.php\/2025\/02\/13\/zachecamy-do-zapisywania-dzieci-do-naszego-przedszkola-i-klasy-pierwszej-szczegoly-rekrutacji-w-jednej-z-ponizszych-informacji\/","title":{"rendered":"Zach\u0119camy do zapisywania dzieci do naszego przedszkola i klasy pierwszej! Szczeg\u00f3\u0142y rekrutacji w jednej z poni\u017cszych informacji!"},"content":{"rendered":"\n<p><strong>Zach\u0119camy rodzic\u00f3w do zapisywania dzieci do przedszkola i klasy pierwszej w Szkole Podstawowej im. por. Stefana Rysmanna w Bronikowie<\/strong><\/p>\n\n\n\n<p>U nas panuje rodzinna, przyjazna dzieciom atmosfera, mamy wspania\u0142\u0105, wykwalifikowan\u0105 kadr\u0119 pedagogiczn\u0105 i pi\u0119kny obiekt dawnego dworu w otoczeniu du\u017cego  parku, kt\u00f3ry daje bezpieczn\u0105 przestrze\u0144 edukacji, rekreacji i zabawy. Od 1 wrze\u015bnia 2024 roku mamy do dyspozycji nowoczesny obiekt, przybud\u00f3wk\u0119 mieszcz\u0105c\u0105 na parterze przedszkole oraz sto\u0142\u00f3wk\u0119, a na pi\u0119trze sale dydaktyczne dla klas IV &#8211; VIII. Dzi\u0119ki wsp\u00f3\u0142pracy ze Szko\u0142\u0105 Podstawow\u0105 w \u015amiglu oferujemy dla  dzieci przedszkolnych i uczni\u00f3w szko\u0142y podstawowej smaczne obiady.  Zainteresowanych, a niezdecydowanych rodzic\u00f3w po obiekcie ch\u0119tnie oprowadzi i na wszystkie pytania odpowie dyrektor szko\u0142y. Wystarczy zadzwoni\u0107 do sekretariatu pod numer 65 518 09 64 i um\u00f3wi\u0107 si\u0119 na wizyt\u0119 w szkole.<\/p>\n\n\n\n<p>W imieniu naszej spo\u0142eczno\u015bci szkolnej SERDECZNIE ZAPRASZAM DO BRONIKOWA!<\/p>\n\n\n\n<p>Piotr Filipowicz, dyrektor szko\u0142y<\/p>\n\n\n\n<div class=\"wp-block-file\"><a id=\"wp-block-file--media-04076fb6-4307-4213-a79b-82e254ac5ae8\" href=\"https:\/\/bronikowo.pl\/wp-content\/uploads\/2025\/02\/20240730_111617-scaled.jpg\">wej\u015bcie przedszkolne<\/a><a href=\"https:\/\/bronikowo.pl\/wp-content\/uploads\/2025\/02\/20240730_111617-scaled.jpg\" class=\"wp-block-file__button wp-element-button\" download aria-describedby=\"wp-block-file--media-04076fb6-4307-4213-a79b-82e254ac5ae8\">Pobierz<\/a><\/div>\n\n\n\n<div class=\"wp-block-file\"><a id=\"wp-block-file--media-79c451f4-48c5-4f65-9087-201d8852601c\" href=\"https:\/\/bronikowo.pl\/wp-content\/uploads\/2025\/02\/20240806_095613-scaled.jpg\">nasza szko\u0142a<\/a><a href=\"https:\/\/bronikowo.pl\/wp-content\/uploads\/2025\/02\/20240806_095613-scaled.jpg\" class=\"wp-block-file__button wp-element-button\" download aria-describedby=\"wp-block-file--media-79c451f4-48c5-4f65-9087-201d8852601c\">Pobierz<\/a><\/div>\n","protected":false},"excerpt":{"rendered":"<p>Zach\u0119camy rodzic\u00f3w do zapisywania dzieci do przedszkola i klasy pierwszej w Szkole Podstawowej im. por. Stefana Rysmanna w Bronikowie U nas panuje rodzinna, przyjazna dzieciom atmosfera, mamy wspania\u0142\u0105, wykwalifikowan\u0105 kadr\u0119 pedagogiczn\u0105 i pi\u0119kny obiekt dawnego dworu w otoczeniu du\u017cego parku, kt\u00f3ry daje bezpieczn\u0105 przestrze\u0144 edukacji, rekreacji i zabawy. Od 1 wrze\u015bnia 2024 roku mamy do [&hellip;]<\/p>\n","protected":false},"author":3,"featured_media":0,"comment_status":"closed","ping_status":"closed","sticky":false,"template":"","format":"standard","meta":[],"categories":[1],"tags":[],"_links":{"self":[{"href":"https:\/\/bronikowo.pl\/index.php\/wp-json\/wp\/v2\/posts\/5591"}],"collection":[{"href":"https:\/\/bronikowo.pl\/index.php\/wp-json\/wp\/v2\/posts"}],"about":[{"href":"https:\/\/bronikowo.pl\/index.php\/wp-json\/wp\/v2\/types\/post"}],"author":[{"embeddable":true,"href":"https:\/\/bronikowo.pl\/index.php\/wp-json\/wp\/v2\/users\/3"}],"replies":[{"embeddable":true,"href":"https:\/\/bronikowo.pl\/index.php\/wp-json\/wp\/v2\/comments?post=5591"}],"version-history":[{"count":1,"href":"https:\/\/bronikowo.pl\/index.php\/wp-json\/wp\/v2\/posts\/5591\/revisions"}],"predecessor-version":[{"id":5594,"href":"https:\/\/bronikowo.pl\/index.php\/wp-json\/wp\/v2\/posts\/5591\/revisions\/5594"}],"wp:attachment":[{"href":"https:\/\/bronikowo.pl\/index.php\/wp-json\/wp\/v2\/media?parent=5591"}],"wp:term":[{"taxonomy":"category","embeddable":true,"href":"https:\/\/bronikowo.pl\/index.php\/wp-json\/wp\/v2\/categories?post=5591"},{"taxonomy":"post_tag","embeddable":true,"href":"https:\/\/bronikowo.pl\/index.php\/wp-json\/wp\/v2\/tags?post=5591"}],"curies":[{"name":"wp","href":"https:\/\/api.w.org\/{rel}","templated":true}]}}