{"id":5782,"date":"2025-02-26T20:17:03","date_gmt":"2025-02-26T19:17:03","guid":{"rendered":"https:\/\/bronikowo.pl\/?p=5782"},"modified":"2025-02-26T20:17:04","modified_gmt":"2025-02-26T19:17:04","slug":"e-lekcja-z-sedzia","status":"publish","type":"post","link":"https:\/\/bronikowo.pl\/index.php\/2025\/02\/26\/e-lekcja-z-sedzia\/","title":{"rendered":"E-Lekcja z S\u0119dzi\u0105"},"content":{"rendered":"\n<figure class=\"wp-block-gallery has-nested-images columns-default is-cropped wp-block-gallery-1 is-layout-flex\">\n<figure class=\"wp-block-image size-large\"><img decoding=\"async\" loading=\"lazy\" width=\"1024\" height=\"768\" data-id=\"5784\"  src=\"https:\/\/bronikowo.pl\/wp-content\/uploads\/2025\/02\/fbbb2139-d799-4c33-95f2-46f5add96dc9-1024x768.jpg\" alt=\"\" class=\"wp-image-5784\" srcset=\"https:\/\/bronikowo.pl\/wp-content\/uploads\/2025\/02\/fbbb2139-d799-4c33-95f2-46f5add96dc9-1024x768.jpg 1024w, https:\/\/bronikowo.pl\/wp-content\/uploads\/2025\/02\/fbbb2139-d799-4c33-95f2-46f5add96dc9-300x225.jpg 300w, https:\/\/bronikowo.pl\/wp-content\/uploads\/2025\/02\/fbbb2139-d799-4c33-95f2-46f5add96dc9-768x576.jpg 768w, https:\/\/bronikowo.pl\/wp-content\/uploads\/2025\/02\/fbbb2139-d799-4c33-95f2-46f5add96dc9-1536x1152.jpg 1536w, https:\/\/bronikowo.pl\/wp-content\/uploads\/2025\/02\/fbbb2139-d799-4c33-95f2-46f5add96dc9.jpg 2000w\" sizes=\"(max-width: 1024px) 100vw, 1024px\" \/><\/figure>\n\n\n\n<figure class=\"wp-block-image size-large\"><img decoding=\"async\" loading=\"lazy\" width=\"1024\" height=\"768\" data-id=\"5783\"  src=\"https:\/\/bronikowo.pl\/wp-content\/uploads\/2025\/02\/29a2a290-1dff-464b-b24c-ce8096e61671-1024x768.jpg\" alt=\"\" class=\"wp-image-5783\" srcset=\"https:\/\/bronikowo.pl\/wp-content\/uploads\/2025\/02\/29a2a290-1dff-464b-b24c-ce8096e61671-1024x768.jpg 1024w, https:\/\/bronikowo.pl\/wp-content\/uploads\/2025\/02\/29a2a290-1dff-464b-b24c-ce8096e61671-300x225.jpg 300w, https:\/\/bronikowo.pl\/wp-content\/uploads\/2025\/02\/29a2a290-1dff-464b-b24c-ce8096e61671-768x576.jpg 768w, https:\/\/bronikowo.pl\/wp-content\/uploads\/2025\/02\/29a2a290-1dff-464b-b24c-ce8096e61671-1536x1152.jpg 1536w, https:\/\/bronikowo.pl\/wp-content\/uploads\/2025\/02\/29a2a290-1dff-464b-b24c-ce8096e61671.jpg 2000w\" sizes=\"(max-width: 1024px) 100vw, 1024px\" \/><\/figure>\n<\/figure>\n\n\n\n<p class=\"has-text-align-center\">W dniu dzisiejszym uczniowie kl. VII VIII uczestniczyli w e-Lekcji z S\u0119dzi\u0105. Wydarzenie organizowane by\u0142o przez Wielkopolskiego Kuratora O\u015bwiaty,\u00a0S\u0105d Apelacyjny w Poznaniu\u00a0oraz O\u015brodek Doskonalenia Nauczycieli w Poznaniu.<\/p>\n\n\n\n<p class=\"has-text-align-center\">Spotkanie prowadzi\u0142 &nbsp;s\u0119dzia orzekaj\u0105cy w S\u0105dzie Okr\u0119gowym w Poznaniu Kajetan Kosterkiewicz, zast\u0119pca koordynatora ds. Edukacji Prawnej S\u0105du Apelacyjnego w Poznaniu.<\/p>\n\n\n\n<p class=\"has-text-align-center\">Temat spotkania by\u0142:\u00a0<strong>Hejt, trolling i memy &#8211; o naruszeniu d\u00f3br osobistych w Internecie\u00a0z perspektywy prawa cywilnego i karnego.<\/strong><\/p>\n\n\n\n<p class=\"has-text-align-center\">Podczas e-Lekcji z S\u0119dzi\u0105 poruszone zosta\u0142y kwestie: \u00a0bezpiecze\u0144stwa cyfrowego dzieci i m\u0142odzie\u017cy, ochrony d\u00f3br osobistych, zamieszczania tre\u015bci dotycz\u0105cych innych os\u00f3b, komentarzy na forach i w mediach spo\u0142eczno\u015bciowych, uprawnie\u0144 do wykonywania fotografii\u00a0i film\u00f3w z wizerunkiem innych os\u00f3b oraz ich upubliczniania, \u00a0tworzenia mem\u00f3w, komentowania film\u00f3w na TikToku, Instagramie, YouTube,\u00a0trik\u00f3w socjotechnicznych stosowanych w trollingu spo\u0142ecznym, monetyzowanym i geopolitycznym.<\/p>\n\n\n\n<p class=\"has-text-align-center\">Spotkanie z s\u0119dzi\u0105 mia\u0142o na celu nabycie umiej\u0119tno\u015bci: dostrzegania sfery d\u00f3br osobistych drugiego cz\u0142owieka, wykorzystywania narz\u0119dzi prawa cywilnego i karnego, by chroni\u0107 swoje bezpiecze\u0144stwo oraz godno\u015b\u0107 w przestrzeni wirtualnej.<\/p>\n\n\n\n<p class=\"has-text-align-center\">Karolina Fr\u0105k<\/p>\n\n\n\n<p class=\"has-text-align-center\">Pedagog szkolny<\/p>\n","protected":false},"excerpt":{"rendered":"<p>W dniu dzisiejszym uczniowie kl. VII VIII uczestniczyli w e-Lekcji z S\u0119dzi\u0105. Wydarzenie organizowane by\u0142o przez Wielkopolskiego Kuratora O\u015bwiaty,\u00a0S\u0105d Apelacyjny w Poznaniu\u00a0oraz O\u015brodek Doskonalenia Nauczycieli w Poznaniu. Spotkanie prowadzi\u0142 &nbsp;s\u0119dzia orzekaj\u0105cy w S\u0105dzie Okr\u0119gowym w Poznaniu Kajetan Kosterkiewicz, zast\u0119pca koordynatora ds. Edukacji Prawnej S\u0105du Apelacyjnego w Poznaniu. Temat spotkania by\u0142:\u00a0Hejt, trolling i memy &#8211; o [&hellip;]<\/p>\n","protected":false},"author":5,"featured_media":0,"comment_status":"closed","ping_status":"closed","sticky":false,"template":"","format":"standard","meta":[],"categories":[1],"tags":[],"_links":{"self":[{"href":"https:\/\/bronikowo.pl\/index.php\/wp-json\/wp\/v2\/posts\/5782"}],"collection":[{"href":"https:\/\/bronikowo.pl\/index.php\/wp-json\/wp\/v2\/posts"}],"about":[{"href":"https:\/\/bronikowo.pl\/index.php\/wp-json\/wp\/v2\/types\/post"}],"author":[{"embeddable":true,"href":"https:\/\/bronikowo.pl\/index.php\/wp-json\/wp\/v2\/users\/5"}],"replies":[{"embeddable":true,"href":"https:\/\/bronikowo.pl\/index.php\/wp-json\/wp\/v2\/comments?post=5782"}],"version-history":[{"count":1,"href":"https:\/\/bronikowo.pl\/index.php\/wp-json\/wp\/v2\/posts\/5782\/revisions"}],"predecessor-version":[{"id":5785,"href":"https:\/\/bronikowo.pl\/index.php\/wp-json\/wp\/v2\/posts\/5782\/revisions\/5785"}],"wp:attachment":[{"href":"https:\/\/bronikowo.pl\/index.php\/wp-json\/wp\/v2\/media?parent=5782"}],"wp:term":[{"taxonomy":"category","embeddable":true,"href":"https:\/\/bronikowo.pl\/index.php\/wp-json\/wp\/v2\/categories?post=5782"},{"taxonomy":"post_tag","embeddable":true,"href":"https:\/\/bronikowo.pl\/index.php\/wp-json\/wp\/v2\/tags?post=5782"}],"curies":[{"name":"wp","href":"https:\/\/api.w.org\/{rel}","templated":true}]}}