{"id":8537,"date":"2025-10-08T12:42:06","date_gmt":"2025-10-08T10:42:06","guid":{"rendered":"https:\/\/bronikowo.pl\/?p=8537"},"modified":"2025-10-08T12:42:07","modified_gmt":"2025-10-08T10:42:07","slug":"bezpieczenstwo-na-drodze","status":"publish","type":"post","link":"https:\/\/bronikowo.pl\/index.php\/2025\/10\/08\/bezpieczenstwo-na-drodze\/","title":{"rendered":"Bezpiecze\u0144stwo na drodze"},"content":{"rendered":"\n<p class=\"has-text-align-center\">W klasie pierwszej odby\u0142o si\u0119 spotkanie z Pani\u0105 Burmistrz Ma\u0142gorzat\u0105 Adamczak, Pani\u0105 Danut\u0105 Szczepaniak, kierownikiem Wydzia\u0142u O\u015bwiaty, oraz Policjantami z Posterunku w \u015amiglu. Rozmowa dotyczy\u0142a bezpiecze\u0144stwa na drodze. Dzieci dowiedzia\u0142y si\u0119, jak prawid\u0142owo przechodzi\u0107 przez jezdni\u0119, dlaczego warto nosi\u0107 odblaski i jak zachowywa\u0107 si\u0119 w pobli\u017cu ulic. <\/p>\n\n\n\n<p class=\"has-text-align-center\">Na zako\u0144czenie uczniowie otrzymali drobne upominki. By\u0142a to bardzo ciekawa i pouczaj\u0105ca wizyta, kt\u00f3ra na d\u0142ugo pozostanie w pami\u0119ci pierwszoklasist\u00f3w.<\/p>\n\n\n\n<figure class=\"wp-block-image size-large\"><img decoding=\"async\" loading=\"lazy\" width=\"1024\" height=\"768\" src=\"https:\/\/bronikowo.pl\/wp-content\/uploads\/2025\/10\/2f95f89c-e13e-42d9-87ce-f079469acd47-1024x768.jpg\" alt=\"\" class=\"wp-image-8538\" srcset=\"https:\/\/bronikowo.pl\/wp-content\/uploads\/2025\/10\/2f95f89c-e13e-42d9-87ce-f079469acd47-1024x768.jpg 1024w, https:\/\/bronikowo.pl\/wp-content\/uploads\/2025\/10\/2f95f89c-e13e-42d9-87ce-f079469acd47-300x225.jpg 300w, https:\/\/bronikowo.pl\/wp-content\/uploads\/2025\/10\/2f95f89c-e13e-42d9-87ce-f079469acd47-768x576.jpg 768w, https:\/\/bronikowo.pl\/wp-content\/uploads\/2025\/10\/2f95f89c-e13e-42d9-87ce-f079469acd47-1536x1152.jpg 1536w, https:\/\/bronikowo.pl\/wp-content\/uploads\/2025\/10\/2f95f89c-e13e-42d9-87ce-f079469acd47.jpg 2048w\" sizes=\"(max-width: 1024px) 100vw, 1024px\" \/><\/figure>\n","protected":false},"excerpt":{"rendered":"<p>W klasie pierwszej odby\u0142o si\u0119 spotkanie z Pani\u0105 Burmistrz Ma\u0142gorzat\u0105 Adamczak, Pani\u0105 Danut\u0105 Szczepaniak, kierownikiem Wydzia\u0142u O\u015bwiaty, oraz Policjantami z Posterunku w \u015amiglu. Rozmowa dotyczy\u0142a bezpiecze\u0144stwa na drodze. Dzieci dowiedzia\u0142y si\u0119, jak prawid\u0142owo przechodzi\u0107 przez jezdni\u0119, dlaczego warto nosi\u0107 odblaski i jak zachowywa\u0107 si\u0119 w pobli\u017cu ulic. Na zako\u0144czenie uczniowie otrzymali drobne upominki. By\u0142a to [&hellip;]<\/p>\n","protected":false},"author":5,"featured_media":0,"comment_status":"closed","ping_status":"closed","sticky":false,"template":"","format":"standard","meta":[],"categories":[1],"tags":[],"_links":{"self":[{"href":"https:\/\/bronikowo.pl\/index.php\/wp-json\/wp\/v2\/posts\/8537"}],"collection":[{"href":"https:\/\/bronikowo.pl\/index.php\/wp-json\/wp\/v2\/posts"}],"about":[{"href":"https:\/\/bronikowo.pl\/index.php\/wp-json\/wp\/v2\/types\/post"}],"author":[{"embeddable":true,"href":"https:\/\/bronikowo.pl\/index.php\/wp-json\/wp\/v2\/users\/5"}],"replies":[{"embeddable":true,"href":"https:\/\/bronikowo.pl\/index.php\/wp-json\/wp\/v2\/comments?post=8537"}],"version-history":[{"count":1,"href":"https:\/\/bronikowo.pl\/index.php\/wp-json\/wp\/v2\/posts\/8537\/revisions"}],"predecessor-version":[{"id":8539,"href":"https:\/\/bronikowo.pl\/index.php\/wp-json\/wp\/v2\/posts\/8537\/revisions\/8539"}],"wp:attachment":[{"href":"https:\/\/bronikowo.pl\/index.php\/wp-json\/wp\/v2\/media?parent=8537"}],"wp:term":[{"taxonomy":"category","embeddable":true,"href":"https:\/\/bronikowo.pl\/index.php\/wp-json\/wp\/v2\/categories?post=8537"},{"taxonomy":"post_tag","embeddable":true,"href":"https:\/\/bronikowo.pl\/index.php\/wp-json\/wp\/v2\/tags?post=8537"}],"curies":[{"name":"wp","href":"https:\/\/api.w.org\/{rel}","templated":true}]}}