{"id":9279,"date":"2025-11-05T06:27:08","date_gmt":"2025-11-05T05:27:08","guid":{"rendered":"https:\/\/bronikowo.pl\/?p=9279"},"modified":"2025-11-05T06:27:09","modified_gmt":"2025-11-05T05:27:09","slug":"akcja-gora-grosza-2","status":"publish","type":"post","link":"https:\/\/bronikowo.pl\/index.php\/2025\/11\/05\/akcja-gora-grosza-2\/","title":{"rendered":"AKCJA \u201eG\u00d3RA GROSZA\u201d"},"content":{"rendered":"<div class=\"wp-block-image\">\n<figure class=\"aligncenter size-large is-resized\"><img decoding=\"async\" loading=\"lazy\" src=\"https:\/\/bronikowo.pl\/wp-content\/uploads\/2025\/11\/Plakat_page-0001-1-724x1024.jpg\" alt=\"\" class=\"wp-image-9281\" width=\"359\" height=\"508\" srcset=\"https:\/\/bronikowo.pl\/wp-content\/uploads\/2025\/11\/Plakat_page-0001-1-724x1024.jpg 724w, https:\/\/bronikowo.pl\/wp-content\/uploads\/2025\/11\/Plakat_page-0001-1-212x300.jpg 212w, https:\/\/bronikowo.pl\/wp-content\/uploads\/2025\/11\/Plakat_page-0001-1-768x1086.jpg 768w, https:\/\/bronikowo.pl\/wp-content\/uploads\/2025\/11\/Plakat_page-0001-1-1086x1536.jpg 1086w, https:\/\/bronikowo.pl\/wp-content\/uploads\/2025\/11\/Plakat_page-0001-1-1448x2048.jpg 1448w, https:\/\/bronikowo.pl\/wp-content\/uploads\/2025\/11\/Plakat_page-0001-1.jpg 1755w\" sizes=\"(max-width: 359px) 100vw, 359px\" \/><\/figure><\/div>\n\n\n<p><br>Ju\u017c po raz XXVI Towarzystwo Nasz Dom\u00a0 organizuje og\u00f3lnopolsk\u0105 akcj\u0119\u00a0G\u00f3ra Grosza\u00a0!<br>Celem akcji jest:<br>\u00a0&#8211;\u00a0zebranie funduszy na pomoc psychologiczn\u0105, rzeczow\u0105 i specjalistyczn\u0105 dla dzieci (w szczeg\u00f3lno\u015bci wychowuj\u0105cych si\u0119 poza w\u0142asnym \u015brodowiskiem rodzinnym) i rodzin.<\/p>\n\n\n\n<p><br>Wrzucaj\u0105c monet\u0119 na\u00a0G\u00f3r\u0119 Grosza, przekazujecie \u015brodki niezb\u0119dne dzieciom do\u00a0znalezienia bezpiecznego miejsca, pomocyw\u00a0codziennej nauce, rozwijania pasji i\u00a0talent\u00f3w, rehabilitacji i\u00a0usamodzielnienia si\u0119. Przy\u0142\u0105czcie si\u0119 do\u00a0akcji a wesprzecie jednego ze\u00a0swoich r\u00f3wie\u015bnik\u00f3w, kt\u00f3ry\u00a0potrzebuje pomocy.<br>Akcja przeprowadzana jest poprzez zbi\u00f3rk\u0119 monet (1gr, 2gr, 5gr, 10gr itd.) w plac\u00f3wkach w ca\u0142ej Polsce\u00a0od dnia 01.11.2025r do 04.03.2026r.\u00a0Przekazywanie paczek z policzonymi i posegregowanymi \u00a0monetami do Urz\u0119d\u00f3w Pocztowych nast\u0105pi\u00a0do 30.03.2026r.<\/p>\n\n\n\n<p><br>W naszej szkole dzieci klas I-VIII monety (od 1 gr. do 5 z\u0142\/ mog\u0105 wrzuca\u0107 do oznakowanego pojemnika w klasie.\u00a0<\/p>\n\n\n\n<p><br>Serdecznie zach\u0119camy do przy\u0142\u0105czenia si\u0119 do naszej zbi\u00f3rki monet.<br>Na klas\u0119, kt\u00f3ra uzbiera najwi\u0119ksz\u0105 \u201eg\u00f3r\u0119 grosza\u201d czeka niespodzianka.<br>Uczniowie i przedszkolaki\u00a0 nie zawodz\u0105, ka\u017cdy przynosi tyle, ile mo\u017ce \u2013 w my\u015bl zasady:<br><\/p>\n\n\n\n<p><strong>Jeden grosz znaczy niewiele, ale G\u00f3ra Grosza jest najwi\u0119ksza na\u00a0\u015bwiecie.<\/strong><\/p>\n\n\n\n<p class=\"has-text-align-right\">Koordynator akcji: Zofia Adamczak<\/p>\n","protected":false},"excerpt":{"rendered":"<p>Ju\u017c po raz XXVI Towarzystwo Nasz Dom\u00a0 organizuje og\u00f3lnopolsk\u0105 akcj\u0119\u00a0G\u00f3ra Grosza\u00a0!Celem akcji jest:\u00a0&#8211;\u00a0zebranie funduszy na pomoc psychologiczn\u0105, rzeczow\u0105 i specjalistyczn\u0105 dla dzieci (w szczeg\u00f3lno\u015bci wychowuj\u0105cych si\u0119 poza w\u0142asnym \u015brodowiskiem rodzinnym) i rodzin. Wrzucaj\u0105c monet\u0119 na\u00a0G\u00f3r\u0119 Grosza, przekazujecie \u015brodki niezb\u0119dne dzieciom do\u00a0znalezienia bezpiecznego miejsca, pomocyw\u00a0codziennej nauce, rozwijania pasji i\u00a0talent\u00f3w, rehabilitacji i\u00a0usamodzielnienia si\u0119. Przy\u0142\u0105czcie si\u0119 do\u00a0akcji a [&hellip;]<\/p>\n","protected":false},"author":2,"featured_media":0,"comment_status":"closed","ping_status":"closed","sticky":false,"template":"","format":"standard","meta":[],"categories":[1],"tags":[],"_links":{"self":[{"href":"https:\/\/bronikowo.pl\/index.php\/wp-json\/wp\/v2\/posts\/9279"}],"collection":[{"href":"https:\/\/bronikowo.pl\/index.php\/wp-json\/wp\/v2\/posts"}],"about":[{"href":"https:\/\/bronikowo.pl\/index.php\/wp-json\/wp\/v2\/types\/post"}],"author":[{"embeddable":true,"href":"https:\/\/bronikowo.pl\/index.php\/wp-json\/wp\/v2\/users\/2"}],"replies":[{"embeddable":true,"href":"https:\/\/bronikowo.pl\/index.php\/wp-json\/wp\/v2\/comments?post=9279"}],"version-history":[{"count":1,"href":"https:\/\/bronikowo.pl\/index.php\/wp-json\/wp\/v2\/posts\/9279\/revisions"}],"predecessor-version":[{"id":9282,"href":"https:\/\/bronikowo.pl\/index.php\/wp-json\/wp\/v2\/posts\/9279\/revisions\/9282"}],"wp:attachment":[{"href":"https:\/\/bronikowo.pl\/index.php\/wp-json\/wp\/v2\/media?parent=9279"}],"wp:term":[{"taxonomy":"category","embeddable":true,"href":"https:\/\/bronikowo.pl\/index.php\/wp-json\/wp\/v2\/categories?post=9279"},{"taxonomy":"post_tag","embeddable":true,"href":"https:\/\/bronikowo.pl\/index.php\/wp-json\/wp\/v2\/tags?post=9279"}],"curies":[{"name":"wp","href":"https:\/\/api.w.org\/{rel}","templated":true}]}}