{"id":9409,"date":"2025-11-13T23:53:42","date_gmt":"2025-11-13T22:53:42","guid":{"rendered":"https:\/\/bronikowo.pl\/?p=9409"},"modified":"2025-11-13T23:53:42","modified_gmt":"2025-11-13T22:53:42","slug":"swieto-odzyskania-niepodleglosci","status":"publish","type":"post","link":"https:\/\/bronikowo.pl\/index.php\/2025\/11\/13\/swieto-odzyskania-niepodleglosci\/","title":{"rendered":"\u015awi\u0119to Odzyskania Niepodleg\u0142o\u015bci"},"content":{"rendered":"\n<p>W dniu 11 listopada \u00a0poczet sztandarowy naszej szko\u0142y uczestniczy\u0142 w \u015amiglu\u00a0 uroczysto\u015bciach w zwi\u0105zanych z Narodowym \u015awi\u0119tem Odzyskania Niepodleg\u0142o\u015bci.<\/p>\n\n\n\n<figure class=\"wp-block-gallery has-nested-images columns-default is-cropped wp-block-gallery-1 is-layout-flex\">\n<figure class=\"wp-block-image size-large\"><img decoding=\"async\" loading=\"lazy\" width=\"600\" height=\"338\" data-id=\"9410\"  src=\"https:\/\/bronikowo.pl\/wp-content\/uploads\/2025\/11\/20251111_111338.jpg\" alt=\"\" class=\"wp-image-9410\" srcset=\"https:\/\/bronikowo.pl\/wp-content\/uploads\/2025\/11\/20251111_111338.jpg 600w, https:\/\/bronikowo.pl\/wp-content\/uploads\/2025\/11\/20251111_111338-300x169.jpg 300w\" sizes=\"(max-width: 600px) 100vw, 600px\" \/><\/figure>\n\n\n\n<figure class=\"wp-block-image size-large\"><img decoding=\"async\" loading=\"lazy\" width=\"800\" height=\"451\" data-id=\"9412\"  src=\"https:\/\/bronikowo.pl\/wp-content\/uploads\/2025\/11\/20251111_111144.jpg\" alt=\"\" class=\"wp-image-9412\" srcset=\"https:\/\/bronikowo.pl\/wp-content\/uploads\/2025\/11\/20251111_111144.jpg 800w, https:\/\/bronikowo.pl\/wp-content\/uploads\/2025\/11\/20251111_111144-300x169.jpg 300w, https:\/\/bronikowo.pl\/wp-content\/uploads\/2025\/11\/20251111_111144-768x433.jpg 768w\" sizes=\"(max-width: 800px) 100vw, 800px\" \/><\/figure>\n\n\n\n<figure class=\"wp-block-image size-large\"><img decoding=\"async\" loading=\"lazy\" width=\"800\" height=\"451\" data-id=\"9414\"  src=\"https:\/\/bronikowo.pl\/wp-content\/uploads\/2025\/11\/20251111_105536.jpg\" alt=\"\" class=\"wp-image-9414\" srcset=\"https:\/\/bronikowo.pl\/wp-content\/uploads\/2025\/11\/20251111_105536.jpg 800w, https:\/\/bronikowo.pl\/wp-content\/uploads\/2025\/11\/20251111_105536-300x169.jpg 300w, https:\/\/bronikowo.pl\/wp-content\/uploads\/2025\/11\/20251111_105536-768x433.jpg 768w\" sizes=\"(max-width: 800px) 100vw, 800px\" \/><\/figure>\n\n\n\n<figure class=\"wp-block-image size-large\"><img decoding=\"async\" loading=\"lazy\" width=\"800\" height=\"451\" data-id=\"9411\"  src=\"https:\/\/bronikowo.pl\/wp-content\/uploads\/2025\/11\/20251111_105518.jpg\" alt=\"\" class=\"wp-image-9411\" srcset=\"https:\/\/bronikowo.pl\/wp-content\/uploads\/2025\/11\/20251111_105518.jpg 800w, https:\/\/bronikowo.pl\/wp-content\/uploads\/2025\/11\/20251111_105518-300x169.jpg 300w, https:\/\/bronikowo.pl\/wp-content\/uploads\/2025\/11\/20251111_105518-768x433.jpg 768w\" sizes=\"(max-width: 800px) 100vw, 800px\" \/><\/figure>\n\n\n\n<figure class=\"wp-block-image size-large\"><img decoding=\"async\" loading=\"lazy\" width=\"800\" height=\"451\" data-id=\"9413\"  src=\"https:\/\/bronikowo.pl\/wp-content\/uploads\/2025\/11\/20251111_105514.jpg\" alt=\"\" class=\"wp-image-9413\" srcset=\"https:\/\/bronikowo.pl\/wp-content\/uploads\/2025\/11\/20251111_105514.jpg 800w, https:\/\/bronikowo.pl\/wp-content\/uploads\/2025\/11\/20251111_105514-300x169.jpg 300w, https:\/\/bronikowo.pl\/wp-content\/uploads\/2025\/11\/20251111_105514-768x433.jpg 768w\" sizes=\"(max-width: 800px) 100vw, 800px\" \/><\/figure>\n<\/figure>\n","protected":false},"excerpt":{"rendered":"<p>W dniu 11 listopada \u00a0poczet sztandarowy naszej szko\u0142y uczestniczy\u0142 w \u015amiglu\u00a0 uroczysto\u015bciach w zwi\u0105zanych z Narodowym \u015awi\u0119tem Odzyskania Niepodleg\u0142o\u015bci.<\/p>\n","protected":false},"author":2,"featured_media":0,"comment_status":"closed","ping_status":"closed","sticky":false,"template":"","format":"standard","meta":[],"categories":[1],"tags":[],"_links":{"self":[{"href":"https:\/\/bronikowo.pl\/index.php\/wp-json\/wp\/v2\/posts\/9409"}],"collection":[{"href":"https:\/\/bronikowo.pl\/index.php\/wp-json\/wp\/v2\/posts"}],"about":[{"href":"https:\/\/bronikowo.pl\/index.php\/wp-json\/wp\/v2\/types\/post"}],"author":[{"embeddable":true,"href":"https:\/\/bronikowo.pl\/index.php\/wp-json\/wp\/v2\/users\/2"}],"replies":[{"embeddable":true,"href":"https:\/\/bronikowo.pl\/index.php\/wp-json\/wp\/v2\/comments?post=9409"}],"version-history":[{"count":1,"href":"https:\/\/bronikowo.pl\/index.php\/wp-json\/wp\/v2\/posts\/9409\/revisions"}],"predecessor-version":[{"id":9415,"href":"https:\/\/bronikowo.pl\/index.php\/wp-json\/wp\/v2\/posts\/9409\/revisions\/9415"}],"wp:attachment":[{"href":"https:\/\/bronikowo.pl\/index.php\/wp-json\/wp\/v2\/media?parent=9409"}],"wp:term":[{"taxonomy":"category","embeddable":true,"href":"https:\/\/bronikowo.pl\/index.php\/wp-json\/wp\/v2\/categories?post=9409"},{"taxonomy":"post_tag","embeddable":true,"href":"https:\/\/bronikowo.pl\/index.php\/wp-json\/wp\/v2\/tags?post=9409"}],"curies":[{"name":"wp","href":"https:\/\/api.w.org\/{rel}","templated":true}]}}