{"id":9434,"date":"2025-11-17T21:09:52","date_gmt":"2025-11-17T20:09:52","guid":{"rendered":"https:\/\/bronikowo.pl\/?p=9434"},"modified":"2025-11-17T21:09:53","modified_gmt":"2025-11-17T20:09:53","slug":"zbiorka-nieuzywanych-urzadzen-elektronicznych","status":"publish","type":"post","link":"https:\/\/bronikowo.pl\/index.php\/2025\/11\/17\/zbiorka-nieuzywanych-urzadzen-elektronicznych\/","title":{"rendered":"Zbi\u00f3rka nieu\u017cywanych urz\u0105dze\u0144 elektronicznych"},"content":{"rendered":"<div class=\"wp-block-image\">\n<figure class=\"aligncenter size-large is-resized\"><img decoding=\"async\" loading=\"lazy\" src=\"https:\/\/bronikowo.pl\/wp-content\/uploads\/2025\/11\/Konkurs-na-zbiorke-2025-2026_page-0001-724x1024.jpg\" alt=\"\" class=\"wp-image-9435\" width=\"428\" height=\"605\" srcset=\"https:\/\/bronikowo.pl\/wp-content\/uploads\/2025\/11\/Konkurs-na-zbiorke-2025-2026_page-0001-724x1024.jpg 724w, https:\/\/bronikowo.pl\/wp-content\/uploads\/2025\/11\/Konkurs-na-zbiorke-2025-2026_page-0001-212x300.jpg 212w, https:\/\/bronikowo.pl\/wp-content\/uploads\/2025\/11\/Konkurs-na-zbiorke-2025-2026_page-0001-768x1086.jpg 768w, https:\/\/bronikowo.pl\/wp-content\/uploads\/2025\/11\/Konkurs-na-zbiorke-2025-2026_page-0001-1086x1536.jpg 1086w, https:\/\/bronikowo.pl\/wp-content\/uploads\/2025\/11\/Konkurs-na-zbiorke-2025-2026_page-0001-1448x2048.jpg 1448w, https:\/\/bronikowo.pl\/wp-content\/uploads\/2025\/11\/Konkurs-na-zbiorke-2025-2026_page-0001.jpg 1754w\" sizes=\"(max-width: 428px) 100vw, 428px\" \/><\/figure><\/div>\n\n\n<p>Nasza Szko\u0142a jest uczestnikiem og\u00f3lnopolskiego projektu \u201eZbieramto w szkole\u201d. W ramach tego projektu zapraszamy do udzia\u0142u w konkursie na zbi\u00f3rk\u0119 nieu\u017cywanych urz\u0105dze\u0144 elektronicznych.&nbsp;<\/p>\n\n\n\n<p>Celem konkursu jest uwra\u017cliwianie dzieci i m\u0142odzie\u017cy na potrzeb\u0119 ochrony \u015brodowiska oraz promowanie postaw dobroczynnych w\u015br\u00f3d uczni\u00f3w szk\u00f3\u0142 i przedszkoli.<\/p>\n\n\n\n<p>Konkurs potrwa od&nbsp;<strong>1 listopada 2025 roku do 30 kwietnia 2026 roku<\/strong>.<br><br><strong>Co zbieramy?<\/strong><br><\/p>\n\n\n\n<p><strong>Zu\u017cyty lub zniszczony sprz\u0119ty elektroniczny<\/strong>:<\/p>\n\n\n\n<ul>\n<li>telefony kom\u00f3rkowe,<\/li>\n\n\n\n<li>smartfony,<\/li>\n\n\n\n<li>laptopy,<\/li>\n\n\n\n<li>tablety.<\/li>\n<\/ul>\n\n\n\n<p>Sprz\u0119t nie musi dzia\u0142a\u0107 \u2013 liczy si\u0119 ka\u017cda sztuka, kt\u00f3ra zamiast trafi\u0107 do \u015bmieci, pomo\u017ce zrobi\u0107 co\u015b dobre<\/p>\n\n\n\n<p>Wi\u0119cej o projekcie mo\u017cna si\u0119 dowiedzie\u0107 pod linkiem: <a href=\"https:\/\/www.zbieramtowszkole.pl\/\">https:\/\/www.zbieramtowszkole.pl\/<\/a>.<\/p>\n\n\n\n<p>&nbsp; &nbsp; &nbsp; &nbsp; &nbsp; &nbsp; &nbsp; &nbsp; &nbsp; &nbsp; &nbsp; &nbsp; &nbsp; &nbsp; &nbsp; &nbsp; &nbsp; &nbsp; &nbsp; &nbsp; &nbsp; &nbsp; &nbsp; &nbsp; &nbsp; &nbsp; &nbsp; &nbsp; &nbsp; &nbsp; &nbsp; &nbsp; &nbsp; &nbsp; &nbsp; &nbsp; &nbsp; &nbsp; &nbsp; &nbsp; &nbsp; &nbsp; &nbsp; &nbsp; &nbsp; &nbsp; Koordynator projektu: Zofia Adamczak<\/p>\n","protected":false},"excerpt":{"rendered":"<p>Nasza Szko\u0142a jest uczestnikiem og\u00f3lnopolskiego projektu \u201eZbieramto w szkole\u201d. W ramach tego projektu zapraszamy do udzia\u0142u w konkursie na zbi\u00f3rk\u0119 nieu\u017cywanych urz\u0105dze\u0144 elektronicznych.&nbsp; Celem konkursu jest uwra\u017cliwianie dzieci i m\u0142odzie\u017cy na potrzeb\u0119 ochrony \u015brodowiska oraz promowanie postaw dobroczynnych w\u015br\u00f3d uczni\u00f3w szk\u00f3\u0142 i przedszkoli. Konkurs potrwa od&nbsp;1 listopada 2025 roku do 30 kwietnia 2026 roku. Co [&hellip;]<\/p>\n","protected":false},"author":2,"featured_media":0,"comment_status":"closed","ping_status":"closed","sticky":false,"template":"","format":"standard","meta":[],"categories":[1],"tags":[],"_links":{"self":[{"href":"https:\/\/bronikowo.pl\/index.php\/wp-json\/wp\/v2\/posts\/9434"}],"collection":[{"href":"https:\/\/bronikowo.pl\/index.php\/wp-json\/wp\/v2\/posts"}],"about":[{"href":"https:\/\/bronikowo.pl\/index.php\/wp-json\/wp\/v2\/types\/post"}],"author":[{"embeddable":true,"href":"https:\/\/bronikowo.pl\/index.php\/wp-json\/wp\/v2\/users\/2"}],"replies":[{"embeddable":true,"href":"https:\/\/bronikowo.pl\/index.php\/wp-json\/wp\/v2\/comments?post=9434"}],"version-history":[{"count":1,"href":"https:\/\/bronikowo.pl\/index.php\/wp-json\/wp\/v2\/posts\/9434\/revisions"}],"predecessor-version":[{"id":9436,"href":"https:\/\/bronikowo.pl\/index.php\/wp-json\/wp\/v2\/posts\/9434\/revisions\/9436"}],"wp:attachment":[{"href":"https:\/\/bronikowo.pl\/index.php\/wp-json\/wp\/v2\/media?parent=9434"}],"wp:term":[{"taxonomy":"category","embeddable":true,"href":"https:\/\/bronikowo.pl\/index.php\/wp-json\/wp\/v2\/categories?post=9434"},{"taxonomy":"post_tag","embeddable":true,"href":"https:\/\/bronikowo.pl\/index.php\/wp-json\/wp\/v2\/tags?post=9434"}],"curies":[{"name":"wp","href":"https:\/\/api.w.org\/{rel}","templated":true}]}}