{"id":9789,"date":"2025-11-28T10:28:24","date_gmt":"2025-11-28T09:28:24","guid":{"rendered":"https:\/\/bronikowo.pl\/?p=9789"},"modified":"2025-11-28T10:35:05","modified_gmt":"2025-11-28T09:35:05","slug":"druga-czesc-filmu-miedzy-frontami-premierowo-w-bronikowie-juz-7-grudnia","status":"publish","type":"post","link":"https:\/\/bronikowo.pl\/index.php\/2025\/11\/28\/druga-czesc-filmu-miedzy-frontami-premierowo-w-bronikowie-juz-7-grudnia\/","title":{"rendered":"Druga cz\u0119\u015b\u0107 filmu &#8222;Mi\u0119dzy frontami&#8221; premierowo w Bronikowie ju\u017c 7 grudnia!"},"content":{"rendered":"\n<p><\/p>\n\n\n\n<p><strong>W\u00a0niedziel\u0119\u00a07\u00a0grudnia\u00a0w\u00a0sali\u00a0wiejskiej\u00a0w\u00a0Bronikowie\u00a0odb\u0119dzie\u00a0si\u0119\u00a0premierowe\u00a0wy\u015bwietlenie\u00a0filmu\u00a0pt.\u201eMi\u0119dzy\u00a0frontami&#8221;\u00a0cz\u0119\u015b\u0107\u00a02,\u00a0opowiadaj\u0105cego\u00a0o\u00a0czasach\u00a0II\u00a0Wojny\u00a0\u015awiatowej\u00a0na\u00a0terenie\u00a0Ziemi\u00a0\u015amigielskiej\u00a0w\u00a0tym\u00a0w\u00a0Bronikowie\u00a0i\u00a0okolicach.<\/strong> <\/p>\n\n\n\n<p>Nasza szko\u0142a  uczestniczy\u0142a w produkcji tego filmu, a cz\u0119\u015b\u0107 aktor\u00f3w, to mieszka\u0144cy Bronikowa i okolic.<\/p>\n\n\n\n<p>Serdecznie zapraszamy uczni\u00f3w, ich rodzic\u00f3w, dziadk\u00f3w oraz wszystkich zainteresowanych nasz\u0105 histori\u0105.<\/p>\n\n\n\n<p>Pozdrawiam!\u00a0Piotr\u00a0Filipowicz,\u00a0dyrektor\u00a0szko\u0142y<\/p>\n\n\n\n<p><\/p>\n","protected":false},"excerpt":{"rendered":"<p>W\u00a0niedziel\u0119\u00a07\u00a0grudnia\u00a0w\u00a0sali\u00a0wiejskiej\u00a0w\u00a0Bronikowie\u00a0odb\u0119dzie\u00a0si\u0119\u00a0premierowe\u00a0wy\u015bwietlenie\u00a0filmu\u00a0pt.\u201eMi\u0119dzy\u00a0frontami&#8221;\u00a0cz\u0119\u015b\u0107\u00a02,\u00a0opowiadaj\u0105cego\u00a0o\u00a0czasach\u00a0II\u00a0Wojny\u00a0\u015awiatowej\u00a0na\u00a0terenie\u00a0Ziemi\u00a0\u015amigielskiej\u00a0w\u00a0tym\u00a0w\u00a0Bronikowie\u00a0i\u00a0okolicach. Nasza szko\u0142a uczestniczy\u0142a w produkcji tego filmu, a cz\u0119\u015b\u0107 aktor\u00f3w, to mieszka\u0144cy Bronikowa i okolic. Serdecznie zapraszamy uczni\u00f3w, ich rodzic\u00f3w, dziadk\u00f3w oraz wszystkich zainteresowanych nasz\u0105 histori\u0105. Pozdrawiam!\u00a0Piotr\u00a0Filipowicz,\u00a0dyrektor\u00a0szko\u0142y<\/p>\n","protected":false},"author":3,"featured_media":0,"comment_status":"closed","ping_status":"closed","sticky":false,"template":"","format":"standard","meta":[],"categories":[1],"tags":[],"_links":{"self":[{"href":"https:\/\/bronikowo.pl\/index.php\/wp-json\/wp\/v2\/posts\/9789"}],"collection":[{"href":"https:\/\/bronikowo.pl\/index.php\/wp-json\/wp\/v2\/posts"}],"about":[{"href":"https:\/\/bronikowo.pl\/index.php\/wp-json\/wp\/v2\/types\/post"}],"author":[{"embeddable":true,"href":"https:\/\/bronikowo.pl\/index.php\/wp-json\/wp\/v2\/users\/3"}],"replies":[{"embeddable":true,"href":"https:\/\/bronikowo.pl\/index.php\/wp-json\/wp\/v2\/comments?post=9789"}],"version-history":[{"count":1,"href":"https:\/\/bronikowo.pl\/index.php\/wp-json\/wp\/v2\/posts\/9789\/revisions"}],"predecessor-version":[{"id":9790,"href":"https:\/\/bronikowo.pl\/index.php\/wp-json\/wp\/v2\/posts\/9789\/revisions\/9790"}],"wp:attachment":[{"href":"https:\/\/bronikowo.pl\/index.php\/wp-json\/wp\/v2\/media?parent=9789"}],"wp:term":[{"taxonomy":"category","embeddable":true,"href":"https:\/\/bronikowo.pl\/index.php\/wp-json\/wp\/v2\/categories?post=9789"},{"taxonomy":"post_tag","embeddable":true,"href":"https:\/\/bronikowo.pl\/index.php\/wp-json\/wp\/v2\/tags?post=9789"}],"curies":[{"name":"wp","href":"https:\/\/api.w.org\/{rel}","templated":true}]}}